{"id":179983,"date":"2019-05-02T08:03:30","date_gmt":"2019-05-02T06:03:30","guid":{"rendered":"http:\/\/www.fuldaer-nachrichten.de\/?p=179983"},"modified":"2019-05-02T08:03:31","modified_gmt":"2019-05-02T06:03:31","slug":"ver-di-seniorenstammtisch","status":"publish","type":"post","link":"https:\/\/www.fuldaernachrichten.de\/?p=179983","title":{"rendered":"ver.di &#8211; Seniorenstammtisch"},"content":{"rendered":"\n<p><strong>ver.di-Senioren Fulda, am Dienstag, den 07. Mai 2019<\/strong>&nbsp;findet unser n\u00e4chster Stammtisch statt. Treffpunkt ist um 14.00 Uhr in unserer Vereinsgastst\u00e4tte \u201eGasthof Harth\u201c, Fulda-Kohlhaus, Frankfurter Str. 137. G\u00e4ste sind willkommen. Festlegung der Teilnehmerliste f\u00fcr die Berlinfahrt vom 10. Bis 12 September 2019.<\/p>\n\n\n\n<p>Kollege Rolf Eisenburger spricht zu interessanten Themen wie einer \u00e4rztlich gepr\u00fcften Patientenverf\u00fcgung.<\/p>\n","protected":false},"excerpt":{"rendered":"<div class=\"tmnf_excerpt\"><p>ver.di-Senioren Fulda, am Dienstag, den 07. Mai 2019&nbsp;findet unser n\u00e4chster Stammtisch statt. Treffpunkt ist um 14.00 Uhr in unserer Vereinsgastst\u00e4tte \u201eGasthof Harth\u201c, Fulda-Kohlhaus, Frankfurter Str. 137. G\u00e4ste sind willkommen. Festlegung der Teilnehmerliste f\u00fcr die Berlinfahrt vom 10. Bis 12 September 2019. Kollege Rolf Eisenburger spricht zu interessanten Themen wie einer \u00e4rztlich gepr\u00fcften Patientenverf\u00fcgung.<\/p>\n<\/div>","protected":false},"author":1,"featured_media":0,"comment_status":"closed","ping_status":"closed","sticky":false,"template":"","format":"standard","meta":{"footnotes":""},"categories":[1],"tags":[],"class_list":["post-179983","post","type-post","status-publish","format-standard","hentry","category-startseite"],"_links":{"self":[{"href":"https:\/\/www.fuldaernachrichten.de\/index.php?rest_route=\/wp\/v2\/posts\/179983","targetHints":{"allow":["GET"]}}],"collection":[{"href":"https:\/\/www.fuldaernachrichten.de\/index.php?rest_route=\/wp\/v2\/posts"}],"about":[{"href":"https:\/\/www.fuldaernachrichten.de\/index.php?rest_route=\/wp\/v2\/types\/post"}],"author":[{"embeddable":true,"href":"https:\/\/www.fuldaernachrichten.de\/index.php?rest_route=\/wp\/v2\/users\/1"}],"replies":[{"embeddable":true,"href":"https:\/\/www.fuldaernachrichten.de\/index.php?rest_route=%2Fwp%2Fv2%2Fcomments&post=179983"}],"version-history":[{"count":1,"href":"https:\/\/www.fuldaernachrichten.de\/index.php?rest_route=\/wp\/v2\/posts\/179983\/revisions"}],"predecessor-version":[{"id":179984,"href":"https:\/\/www.fuldaernachrichten.de\/index.php?rest_route=\/wp\/v2\/posts\/179983\/revisions\/179984"}],"wp:attachment":[{"href":"https:\/\/www.fuldaernachrichten.de\/index.php?rest_route=%2Fwp%2Fv2%2Fmedia&parent=179983"}],"wp:term":[{"taxonomy":"category","embeddable":true,"href":"https:\/\/www.fuldaernachrichten.de\/index.php?rest_route=%2Fwp%2Fv2%2Fcategories&post=179983"},{"taxonomy":"post_tag","embeddable":true,"href":"https:\/\/www.fuldaernachrichten.de\/index.php?rest_route=%2Fwp%2Fv2%2Ftags&post=179983"}],"curies":[{"name":"wp","href":"https:\/\/api.w.org\/{rel}","templated":true}]}}