{"id":179968,"date":"2019-05-01T10:43:23","date_gmt":"2019-05-01T08:43:23","guid":{"rendered":"http:\/\/www.fuldaer-nachrichten.de\/?p=179968"},"modified":"2019-05-01T10:43:23","modified_gmt":"2019-05-01T08:43:23","slug":"kasseler-akademieorchester-zu-gast-in-fulda","status":"publish","type":"post","link":"https:\/\/www.fuldaernachrichten.de\/?p=179968","title":{"rendered":"Kasseler Akademieorchester zu Gast in Fulda"},"content":{"rendered":"\n<p>Zum ersten Mal in Fulda stellte sich das Orchester der Musikakademie \u201eLouis Spohr\u201c der Stadt Kassel unter der Leitung von Ulrich Moormann am vergangenen Sonntag in der Aula der alten Universit\u00e4t einem breiten Publikum vor. Die Musikakademie der Stadt Kassel \u201eLouis Spohr&#8221; besteht seit mehr als 75 Jahren und ist heute eine staatlich anerkannte Berufsakademie f\u00fcr Musikberufe. <br>\nDas Programm wurde mit Ausz\u00fcgen aus der Wassermusik HWV 348, der sogenannten \u201eHornsuite\u201c er\u00f6ffnet, bei der die genannten Instrumente sich mit guter Artikulation und strahlendem Klang auszeichneten, worin das Gesamtorchester in nichts nachstand.<br>\nVom Namensgeber der Akademie, dem Kasseler Hofkapellmeister Louis Spohr (1784-1859) erklang die Ouvert\u00fcre zum seinem bekannten Oratorium \u201e Die letzten Dinge\u201c mit stark herausgearbeitetem Kontrast zwischen der d\u00fcsteren Einleitung und dem Con-brio des folgenden Allegros. Die anspruchsvollen Streicherpartien wurden dabei fabelhaft gemeistert, wozu die Holzbl\u00e4ser farbige Akzente setzten.<br>\nDer Akademiedozent f\u00fcr Trompete, Helmut P\u00f6hner, Solotrompeter des G\u00f6ttinger Sinfonieorchesters, begeisterte danach mit dem Trompetenkonzert von Joseph Haydn, ein Pr\u00fcfstein f\u00fcr jeden Trompetensolisten. Leichtigkeit, Tonkultur und Kantabilit\u00e4t zeichneten dabei sein hochmusikalisches Spiel aus, wobei das Orchester mit sp\u00fcrbarer Musizierfreude begleitete.<br>\nDie Verbindung zwischen Kassel und Ludwig van Beethoven ist in einem Anwerbungsversuch des Bruders von Napoleon, Jerome Bonaparte als K\u00f6nig von Kassel aus dem Jahr 1808 begr\u00fcndet, auf den Beethoven letztendlich nicht einging. Genau in diesem Jahr<br>\nwurde die \u201ePastorale\u201c als seine 6. Sinfonie uraufgef\u00fchrt. Das Akademieorchester zeigte sich unter dem umsichtigen Dirigat Ulrich Moormanns dieser Aufgabe gewachsen. Die dynamische Entwicklung des ersten Satzes bereitete das weit ausladende Andante, \u201eSzene am Bach\u201c, mit seinen leuchtenden Bl\u00e4serkantilenen vor. Dem gem\u00e4chlichen \u201eLustigen Zusammenleben der Landleute\u201c folgte das werkgetreu umgesetzte Gewitter, um in den friedlich jubilierenden Schlussatz zu m\u00fcnden. <br>\nDie Leistung der jungen Musici wurde mit dankbarem und motivierendem Beifall des Publikums bedacht, das sich schon auf weitere Besuche des Akademieorchesters in Fulda freut.<\/p>\n","protected":false},"excerpt":{"rendered":"<div class=\"tmnf_excerpt\"><p>Zum ersten Mal in Fulda stellte sich das Orchester der Musikakademie \u201eLouis Spohr\u201c der Stadt Kassel unter der Leitung von Ulrich Moormann am vergangenen Sonntag in der Aula der alten Universit\u00e4t einem breiten Publikum vor. Die Musikakademie der Stadt Kassel \u201eLouis Spohr&#8221; besteht seit mehr als 75 Jahren und ist heute eine staatlich anerkannte Berufsakademie &hellip;<\/p>\n<\/div>","protected":false},"author":1,"featured_media":179969,"comment_status":"closed","ping_status":"closed","sticky":false,"template":"","format":"standard","meta":{"footnotes":""},"categories":[1],"tags":[],"class_list":["post-179968","post","type-post","status-publish","format-standard","has-post-thumbnail","hentry","category-startseite"],"_links":{"self":[{"href":"https:\/\/www.fuldaernachrichten.de\/index.php?rest_route=\/wp\/v2\/posts\/179968","targetHints":{"allow":["GET"]}}],"collection":[{"href":"https:\/\/www.fuldaernachrichten.de\/index.php?rest_route=\/wp\/v2\/posts"}],"about":[{"href":"https:\/\/www.fuldaernachrichten.de\/index.php?rest_route=\/wp\/v2\/types\/post"}],"author":[{"embeddable":true,"href":"https:\/\/www.fuldaernachrichten.de\/index.php?rest_route=\/wp\/v2\/users\/1"}],"replies":[{"embeddable":true,"href":"https:\/\/www.fuldaernachrichten.de\/index.php?rest_route=%2Fwp%2Fv2%2Fcomments&post=179968"}],"version-history":[{"count":1,"href":"https:\/\/www.fuldaernachrichten.de\/index.php?rest_route=\/wp\/v2\/posts\/179968\/revisions"}],"predecessor-version":[{"id":179970,"href":"https:\/\/www.fuldaernachrichten.de\/index.php?rest_route=\/wp\/v2\/posts\/179968\/revisions\/179970"}],"wp:featuredmedia":[{"embeddable":true,"href":"https:\/\/www.fuldaernachrichten.de\/index.php?rest_route=\/wp\/v2\/media\/179969"}],"wp:attachment":[{"href":"https:\/\/www.fuldaernachrichten.de\/index.php?rest_route=%2Fwp%2Fv2%2Fmedia&parent=179968"}],"wp:term":[{"taxonomy":"category","embeddable":true,"href":"https:\/\/www.fuldaernachrichten.de\/index.php?rest_route=%2Fwp%2Fv2%2Fcategories&post=179968"},{"taxonomy":"post_tag","embeddable":true,"href":"https:\/\/www.fuldaernachrichten.de\/index.php?rest_route=%2Fwp%2Fv2%2Ftags&post=179968"}],"curies":[{"name":"wp","href":"https:\/\/api.w.org\/{rel}","templated":true}]}}