{"id":179964,"date":"2019-05-01T10:42:43","date_gmt":"2019-05-01T08:42:43","guid":{"rendered":"http:\/\/www.fuldaer-nachrichten.de\/?p=179964"},"modified":"2019-05-01T10:42:44","modified_gmt":"2019-05-01T08:42:44","slug":"zehntklaesslerinnen-der-marienschule-gewinnen-2-platz-bei-hessischem-mediasurfer-medienkompetenzpreis","status":"publish","type":"post","link":"https:\/\/www.fuldaernachrichten.de\/?p=179964","title":{"rendered":"Zehntkl\u00e4sslerinnen der Marienschule gewinnen 2. Platz bei hessischem Mediasurfer &#8211; MedienKompetenzPreis"},"content":{"rendered":"\n<p>Kinder und Jugendliche in einer digitalen Welt fit machen \u2013 Dieses Motto verfolgt der hessische Mediasurfer \u2013 MedienKompetenzPreis. Bei seiner 16. Verleihung am 10. April setzte sich eine Sch\u00fclerinnengruppe der Jahrgangsstufe 10 der Marienschule Fulda mit vier sogenannten Erkl\u00e4rfilmen gegen 100 Konkurrenten durch und belegte in der altersh\u00f6chsten Kategorie bis 18 Jahre den zweiten Rang. Die vier Beitr\u00e4ge mit dem Titel \u201eWir helfen digital &#8211; Erkl\u00e4rfilme f\u00fcr unsere Medienscouts&#8221; behandelten die Themen \u201eFilterblasen im Internet\u201c, \u201eWhatsApp: Meine Daten geh\u00f6ren mir\u201c, \u201eCybermobbing\u201c und \u201eDatenschutz im Netz\u201c.<br>\nInsgesamt wurden 13 Projekte ausgezeichnet, wobei die Teilnehmer aus ganz Hessen laut der Jury sehr kreativ vorgingen und verschiedenste Medien wie Radiosendungen, Trickfilme oder Reportagen als Beitr\u00e4ge zum Wettbewerb erstellten. Die M\u00e4dchengruppe der Marienschule produzierte ihre Beitr\u00e4ge im jahrgangs\u00fcbergreifenden Informatikunterricht der zehnten Klasse. Ihr Lehrer Peter Bach reiste mit den M\u00e4dchen nach Frankfurt, um in Anwesenheit des Kultusministers Prof. Dr. R. Alexander Lorz und des Chefs der Medienanstalt Hessen, Joachim Becker, geehrt zu werden. Die Videos der Mariensch\u00fclerinnen \u00fcberzeugten die Jury, weil sie ein medienp\u00e4dagogisches Konzept verfolgten, das die Medienkompetenz von Kindern und Jugendlichen f\u00f6rdern kann.<\/p>\n\n\n\n<p>Die jungen Informatikerinnen wurden f\u00fcr ihre technischen und inhaltlichen Kompetenzen von der Jury gelobt, au\u00dferdem sei die Umsetzung sehr authentisch und verantwortungsvoll umgesetzt. Da die M\u00e4dchen das Thema nicht nur kreativ, sondern auch mehrperspektivisch angingen, n\u00e4mlich auch rechtliche, gesellschaftliche und \u00f6konomische Aspekte mitdachten, erhielten sie den zweiten Platz. Besonders hervorzuheben sei au\u00dferdem die Win-win-Situation, denn die Videos sind von Jugendlichen f\u00fcr Jugendliche.<\/p>\n\n\n\n<p>Genau zu diesem Zweck werden sie nun auch an der Marienschule eingesetzt: Sie wurden nach der Preisverleihung an die hauseigene Medien-AG der Marienschule \u00fcbergeben, damit die Teilnehmerinnen \u2013 die sog. Medienscouts &#8211; die Erkl\u00e4rfilme in Zukunft verwenden k\u00f6nnen, um ihre Aufkl\u00e4rungsarbeit im Bereich digitale Medien in den Jahrgangsstufen 5 bis 8 zu verbessern. Die Scouts der Marienschule sind ein wesentlicher Baustein des Medienkonzeptes der M\u00e4dchenschule, das auch mithilfe der Teilnahme an Wettbewerben wie dem Mediasurfer-Preis fortw\u00e4hrend erg\u00e4nzt und an die Herausforderungen der Zeit angepasst wird.<\/p>\n\n\n\n<figure class=\"wp-block-image\"><img fetchpriority=\"high\" decoding=\"async\" width=\"600\" height=\"399\" src=\"http:\/\/www.fuldaer-nachrichten.de\/wp-content\/uploads\/2019\/05\/Mediasurfer1-600x399.jpg\" alt=\"\" class=\"wp-image-179966\" srcset=\"https:\/\/www.fuldaernachrichten.de\/wp-content\/uploads\/2019\/05\/Mediasurfer1-600x399.jpg 600w, https:\/\/www.fuldaernachrichten.de\/wp-content\/uploads\/2019\/05\/Mediasurfer1-265x176.jpg 265w, https:\/\/www.fuldaernachrichten.de\/wp-content\/uploads\/2019\/05\/Mediasurfer1-768x511.jpg 768w, https:\/\/www.fuldaernachrichten.de\/wp-content\/uploads\/2019\/05\/Mediasurfer1.jpg 900w\" sizes=\"(max-width: 600px) 100vw, 600px\" \/><\/figure>\n","protected":false},"excerpt":{"rendered":"<div class=\"tmnf_excerpt\"><p>Kinder und Jugendliche in einer digitalen Welt fit machen \u2013 Dieses Motto verfolgt der hessische Mediasurfer \u2013 MedienKompetenzPreis. Bei seiner 16. Verleihung am 10. April setzte sich eine Sch\u00fclerinnengruppe der Jahrgangsstufe 10 der Marienschule Fulda mit vier sogenannten Erkl\u00e4rfilmen gegen 100 Konkurrenten durch und belegte in der altersh\u00f6chsten Kategorie bis 18 Jahre den zweiten Rang. &hellip;<\/p>\n<\/div>","protected":false},"author":1,"featured_media":179965,"comment_status":"closed","ping_status":"closed","sticky":false,"template":"","format":"standard","meta":{"footnotes":""},"categories":[1],"tags":[],"class_list":["post-179964","post","type-post","status-publish","format-standard","has-post-thumbnail","hentry","category-startseite"],"_links":{"self":[{"href":"https:\/\/www.fuldaernachrichten.de\/index.php?rest_route=\/wp\/v2\/posts\/179964","targetHints":{"allow":["GET"]}}],"collection":[{"href":"https:\/\/www.fuldaernachrichten.de\/index.php?rest_route=\/wp\/v2\/posts"}],"about":[{"href":"https:\/\/www.fuldaernachrichten.de\/index.php?rest_route=\/wp\/v2\/types\/post"}],"author":[{"embeddable":true,"href":"https:\/\/www.fuldaernachrichten.de\/index.php?rest_route=\/wp\/v2\/users\/1"}],"replies":[{"embeddable":true,"href":"https:\/\/www.fuldaernachrichten.de\/index.php?rest_route=%2Fwp%2Fv2%2Fcomments&post=179964"}],"version-history":[{"count":1,"href":"https:\/\/www.fuldaernachrichten.de\/index.php?rest_route=\/wp\/v2\/posts\/179964\/revisions"}],"predecessor-version":[{"id":179967,"href":"https:\/\/www.fuldaernachrichten.de\/index.php?rest_route=\/wp\/v2\/posts\/179964\/revisions\/179967"}],"wp:featuredmedia":[{"embeddable":true,"href":"https:\/\/www.fuldaernachrichten.de\/index.php?rest_route=\/wp\/v2\/media\/179965"}],"wp:attachment":[{"href":"https:\/\/www.fuldaernachrichten.de\/index.php?rest_route=%2Fwp%2Fv2%2Fmedia&parent=179964"}],"wp:term":[{"taxonomy":"category","embeddable":true,"href":"https:\/\/www.fuldaernachrichten.de\/index.php?rest_route=%2Fwp%2Fv2%2Fcategories&post=179964"},{"taxonomy":"post_tag","embeddable":true,"href":"https:\/\/www.fuldaernachrichten.de\/index.php?rest_route=%2Fwp%2Fv2%2Ftags&post=179964"}],"curies":[{"name":"wp","href":"https:\/\/api.w.org\/{rel}","templated":true}]}}