{"id":179959,"date":"2019-05-01T10:40:17","date_gmt":"2019-05-01T08:40:17","guid":{"rendered":"http:\/\/www.fuldaer-nachrichten.de\/?p=179959"},"modified":"2019-05-01T10:40:18","modified_gmt":"2019-05-01T08:40:18","slug":"sperrungen-in-der-innenstadt-am-wochenende-wegen-des-10-barockstadt-triathlons-fulda","status":"publish","type":"post","link":"https:\/\/www.fuldaernachrichten.de\/?p=179959","title":{"rendered":"Sperrungen in der Innenstadt am Wochenende &#8211; Wegen des 10. Barockstadt-Triathlons Fulda"},"content":{"rendered":"\n<p>Wegen des 10. Barockstadt-Triathlons Fulda am Sonntag, 5. Mai, kommt es am gesamten Wochenende zu Verkehrsbehinderungen in der Fuldaer Innenstadt rund um das Stadtschloss. <\/p>\n\n\n\n<p>Die Sperrungen sehen wie folgt aus:<br>\nSperrung Bonifatiusplatz bereits ab Samstag, 4. Mai, 6 Uhr<br>\nSperrung Pauluspromenade in H\u00f6he des Schlossgartens ab Samstag, 4. Mai, 14 Uhr<br>\nSperrung Pauluspromenade in H\u00f6he der Hauptwache und Johannes-Dyba-Allee ab Samstag, 4. Mai, 16 Uhr<br>\nSperrung Schlossstra\u00dfe und Friedrichstra\u00dfe ab Sonntag, 5. Mai, 60 Uhr <\/p>\n\n\n\n<p>Diese Sperrungen werden voraussichtlich bis Sonntagabend gegen 18.30 Uhr andauern.<\/p>\n\n\n\n<p>Die Parkpl\u00e4tze rund um den Dom k\u00f6nnen \u00fcber die Langebr\u00fcckenstra\u00dfe bzw. \u00fcber das Abtstor kommend auch w\u00e4hrend der Veranstaltung angefahren werden.<\/p>\n\n\n\n<p>Zur Absicherung der Radstrecke kommt es am Sonntag, 5. Mai, von 7 Uhr bis ca. 14.30 Uhr zu folgenden Sperrungen:<\/p>\n\n\n\n<p>Vollsperrung der L 3079 (Sickelser Stra\u00dfe, Gieseler Stra\u00dfe) ab der Einm\u00fcndung Bardostra\u00dfe (B 254) bis Neuhof-Giesel. Querungsstellen bestehen in Fulda-Sickels am Knotenpunkt Sickelser Stra\u00dfe \/ Wolf-Hirth-Stra\u00dfe \/ Johannes-Nehring-Stra\u00dfe und in Fulda-Niederrode am Knotenpunkt Gieseler Stra\u00dfe \/ Niederroder Stra\u00dfe \/ K 108.<\/p>\n\n\n\n<p>Vollsperrung der Auf- und Abfahrten des Westrings in H\u00f6he Fulda-Sickels \/ Fulda-Niederrode, sowie der Stra\u00dfe Im Strickefeld (Zubringer zwischen Westring und Fulda-Galerie). Besucher des Flohmarktes auf dem Messegel\u00e4nde erreichen diesen daher am besten \u00fcber Fulda-Haimbach kommend.<\/p>\n\n\n\n<p>Sperrung der Ausfahrt der Johannisstra\u00dfe auf die Bardostra\u00dfe (B 254)<\/p>\n\n\n\n<p>Sperrung der Einfahrt in die Langebr\u00fcckenstra\u00dfe aus Richtung Fulda-Haimbach und Fulda-Maberzell kommend<\/p>\n\n\n\n<p>Auswirkungen auf den Busverkehr:<br>\nW\u00e4hrend der Sperrung ab Samstag 16 Uhr bis voraussichtlich Sonntag 16.30 Uhr k\u00f6nnen die Haltestellen \u201eDom\u201c und \u201ePaulustor\u201c (ab 14 Uhr), \u201eAm Rosengarten\u201c, \u201eRobert-Kircher-Stra\u00dfe\u201c,  \u201eWeimarer Stra\u00dfe\u201c, \u201eAm Kronhof\u201c, \u201eHinterburg\u201c und \u201eAbtstor\u201c vom \u00d6PNV nicht angefahren werden.<\/p>\n\n\n\n<p>Die Linien 1 (Aschenberg), 2 (Aschenberg), 2B (L\u00fcderm\u00fcnd) und 8 (Niesig) werden durch die Kurf\u00fcrstenstra\u00dfe gef\u00fchrt. <br>\nDie Linien 3 (Bimbach \/ Tr\u00e4tzhof \/ Maberzell), 4 (Haimbach), 5  (Sickels \/ Johannesberg \/ Harmerz) und 6 (Bronnzell) werden \u00fcber die Dalbergstra\u00dfe gef\u00fchrt.<\/p>\n\n\n\n<p>F\u00fcr die Haltestelle \u201eAm Rosengarten\u201c wird stadteinw\u00e4rts eine Ersatzhaltestelle in der Von-Schildeck-Stra\u00dfe, Ecke Frankfurter Stra\u00dfe gestellt. <br>\nDie Linien 1, 2, 2B + 8 bedienen zus\u00e4tzlich die Haltestelle \u201eWinfriedschule\u201c.<\/p>\n\n\n\n<p>Durch die Vollsperrung der Sickelser Stra\u00dfe am Sonntag werden die Linien 3, 4 + 5 bis ca. 14.30 Uhr \u00fcber die Bardostra\u00dfe umgeleitet. Dadurch k\u00f6nnen zus\u00e4tzlich die Haltestellen \u201eFeuerwache\u201c, \u201eBonifatiushaus\u201c,  \u201eMondrianplatz\u201c (Ersatz-Haltestelle \u201eJackson-Pollock-Platz\u201c), \u201eMariengrotte\u201c und \u201eG\u00fcnther-Groenhoff-Stra\u00dfe\u201c <br>\n( Ersatz-Haltestelle \u201e S\u00e4gewerk\u201c) nicht bedient werden. <\/p>\n\n\n\n<p>Hinweis an die Redaktionen: Diese Meldung sollte zusammen mit der Rad- und Laufstrecke ver\u00f6ffentlicht werden, um sie besser nachvollziehen zu k\u00f6nnen.<\/p>\n","protected":false},"excerpt":{"rendered":"<div class=\"tmnf_excerpt\"><p>Wegen des 10. Barockstadt-Triathlons Fulda am Sonntag, 5. Mai, kommt es am gesamten Wochenende zu Verkehrsbehinderungen in der Fuldaer Innenstadt rund um das Stadtschloss. Die Sperrungen sehen wie folgt aus: Sperrung Bonifatiusplatz bereits ab Samstag, 4. Mai, 6 Uhr Sperrung Pauluspromenade in H\u00f6he des Schlossgartens ab Samstag, 4. Mai, 14 Uhr Sperrung Pauluspromenade in H\u00f6he &hellip;<\/p>\n<\/div>","protected":false},"author":1,"featured_media":179960,"comment_status":"closed","ping_status":"closed","sticky":false,"template":"","format":"standard","meta":{"footnotes":""},"categories":[1],"tags":[],"class_list":["post-179959","post","type-post","status-publish","format-standard","has-post-thumbnail","hentry","category-startseite"],"_links":{"self":[{"href":"https:\/\/www.fuldaernachrichten.de\/index.php?rest_route=\/wp\/v2\/posts\/179959","targetHints":{"allow":["GET"]}}],"collection":[{"href":"https:\/\/www.fuldaernachrichten.de\/index.php?rest_route=\/wp\/v2\/posts"}],"about":[{"href":"https:\/\/www.fuldaernachrichten.de\/index.php?rest_route=\/wp\/v2\/types\/post"}],"author":[{"embeddable":true,"href":"https:\/\/www.fuldaernachrichten.de\/index.php?rest_route=\/wp\/v2\/users\/1"}],"replies":[{"embeddable":true,"href":"https:\/\/www.fuldaernachrichten.de\/index.php?rest_route=%2Fwp%2Fv2%2Fcomments&post=179959"}],"version-history":[{"count":1,"href":"https:\/\/www.fuldaernachrichten.de\/index.php?rest_route=\/wp\/v2\/posts\/179959\/revisions"}],"predecessor-version":[{"id":179961,"href":"https:\/\/www.fuldaernachrichten.de\/index.php?rest_route=\/wp\/v2\/posts\/179959\/revisions\/179961"}],"wp:featuredmedia":[{"embeddable":true,"href":"https:\/\/www.fuldaernachrichten.de\/index.php?rest_route=\/wp\/v2\/media\/179960"}],"wp:attachment":[{"href":"https:\/\/www.fuldaernachrichten.de\/index.php?rest_route=%2Fwp%2Fv2%2Fmedia&parent=179959"}],"wp:term":[{"taxonomy":"category","embeddable":true,"href":"https:\/\/www.fuldaernachrichten.de\/index.php?rest_route=%2Fwp%2Fv2%2Fcategories&post=179959"},{"taxonomy":"post_tag","embeddable":true,"href":"https:\/\/www.fuldaernachrichten.de\/index.php?rest_route=%2Fwp%2Fv2%2Ftags&post=179959"}],"curies":[{"name":"wp","href":"https:\/\/api.w.org\/{rel}","templated":true}]}}