{"id":17922,"date":"2008-12-22T12:22:19","date_gmt":"2008-12-22T11:22:19","guid":{"rendered":"http:\/\/www.schoene-nachrichten.de\/?p=17922"},"modified":"2008-12-18T12:36:27","modified_gmt":"2008-12-18T11:36:27","slug":"underworld-3-aufstand-der-lykaner-kinostart-19022009","status":"publish","type":"post","link":"https:\/\/www.fuldaernachrichten.de\/?p=17922","title":{"rendered":"Underworld 3: Aufstand der Lykaner &#8211; Kinostart: 19.02.2009"},"content":{"rendered":"<p><strong><a href=\"http:\/\/www.schoene-nachrichten.de\/wp-content\/uploads\/2008\/12\/081218_aufstand.jpg\"><img decoding=\"async\" class=\"alignleft size-thumbnail wp-image-17923\" title=\"Underworld 3: Aufstand der Lykaner\" src=\"http:\/\/www.schoene-nachrichten.de\/wp-content\/uploads\/2008\/12\/081218_aufstand-265x175.jpg\" alt=\"Underworld 3: Aufstand der Lykaner\" width=\"265\" height=\"175\" srcset=\"https:\/\/www.fuldaernachrichten.de\/wp-content\/uploads\/2008\/12\/081218_aufstand-265x175.jpg 265w, https:\/\/www.fuldaernachrichten.de\/wp-content\/uploads\/2008\/12\/081218_aufstand.jpg 800w\" sizes=\"(max-width: 265px) 100vw, 265px\" \/><\/a>Kino.<\/strong> Im Prequel UNDERWORLD: AUFSTAND DER LYCANER kehrt die Geschichte zur\u00fcck zu den Anf\u00e4ngen der jahrhundertealten Blutfehde zwischen den aristokratischen Vampiren (Death Dealer) und ihren einstigen Sklaven, den barbarischen Lycan-Werw\u00f6lfen. In diesen finsteren Zeiten erhebt sich der junge Lycaner Lucian (MICHAEL SHEEN) zum Revolutionsf\u00fchrer im Kampf gegen den grausamen Vampirk\u00f6nig Viktor (BILL NIGHY), der die Lycaner seit hunderten von Jahren verfolgt. In seinem Kampf wird Lucian von seiner heimlichen Liebe, der sch\u00f6nen Vampirfrau Sonja (RHONA MITRA), unterst\u00fctzt.<\/p>\n","protected":false},"excerpt":{"rendered":"<div class=\"tmnf_excerpt\"><p>Kino. Im Prequel UNDERWORLD: AUFSTAND DER LYCANER kehrt die Geschichte zur\u00fcck zu den Anf\u00e4ngen der jahrhundertealten Blutfehde zwischen den aristokratischen Vampiren (Death Dealer) und ihren einstigen Sklaven, den barbarischen Lycan-Werw\u00f6lfen. In diesen finsteren Zeiten erhebt sich der junge Lycaner Lucian (MICHAEL SHEEN) zum Revolutionsf\u00fchrer im Kampf gegen den grausamen Vampirk\u00f6nig Viktor (BILL NIGHY), der die &hellip;<\/p>\n<\/div>","protected":false},"author":1,"featured_media":0,"comment_status":"closed","ping_status":"closed","sticky":false,"template":"","format":"standard","meta":{"footnotes":""},"categories":[1,79],"tags":[],"class_list":["post-17922","post","type-post","status-publish","format-standard","hentry","category-startseite","category-kino"],"_links":{"self":[{"href":"https:\/\/www.fuldaernachrichten.de\/index.php?rest_route=\/wp\/v2\/posts\/17922","targetHints":{"allow":["GET"]}}],"collection":[{"href":"https:\/\/www.fuldaernachrichten.de\/index.php?rest_route=\/wp\/v2\/posts"}],"about":[{"href":"https:\/\/www.fuldaernachrichten.de\/index.php?rest_route=\/wp\/v2\/types\/post"}],"author":[{"embeddable":true,"href":"https:\/\/www.fuldaernachrichten.de\/index.php?rest_route=\/wp\/v2\/users\/1"}],"replies":[{"embeddable":true,"href":"https:\/\/www.fuldaernachrichten.de\/index.php?rest_route=%2Fwp%2Fv2%2Fcomments&post=17922"}],"version-history":[{"count":2,"href":"https:\/\/www.fuldaernachrichten.de\/index.php?rest_route=\/wp\/v2\/posts\/17922\/revisions"}],"predecessor-version":[{"id":17929,"href":"https:\/\/www.fuldaernachrichten.de\/index.php?rest_route=\/wp\/v2\/posts\/17922\/revisions\/17929"}],"wp:attachment":[{"href":"https:\/\/www.fuldaernachrichten.de\/index.php?rest_route=%2Fwp%2Fv2%2Fmedia&parent=17922"}],"wp:term":[{"taxonomy":"category","embeddable":true,"href":"https:\/\/www.fuldaernachrichten.de\/index.php?rest_route=%2Fwp%2Fv2%2Fcategories&post=17922"},{"taxonomy":"post_tag","embeddable":true,"href":"https:\/\/www.fuldaernachrichten.de\/index.php?rest_route=%2Fwp%2Fv2%2Ftags&post=17922"}],"curies":[{"name":"wp","href":"https:\/\/api.w.org\/{rel}","templated":true}]}}