{"id":17919,"date":"2008-12-24T12:14:50","date_gmt":"2008-12-24T11:14:50","guid":{"rendered":"http:\/\/www.schoene-nachrichten.de\/?p=17919"},"modified":"2008-12-18T12:37:00","modified_gmt":"2008-12-18T11:37:00","slug":"vorstadtkrokodile-kinostart-02042009","status":"publish","type":"post","link":"https:\/\/www.fuldaernachrichten.de\/?p=17919","title":{"rendered":"Vorstadtkrokodile &#8211; Kinostart: 02.04.2009"},"content":{"rendered":"<p><strong><a href=\"http:\/\/www.schoene-nachrichten.de\/wp-content\/uploads\/2008\/12\/081218_kroko.jpg\"><img decoding=\"async\" class=\"alignleft size-thumbnail wp-image-17920\" title=\"Vorstadtkrokodile\" src=\"http:\/\/www.schoene-nachrichten.de\/wp-content\/uploads\/2008\/12\/081218_kroko-265x188.jpg\" alt=\"Vorstadtkrokodile\" width=\"265\" height=\"188\" srcset=\"https:\/\/www.fuldaernachrichten.de\/wp-content\/uploads\/2008\/12\/081218_kroko-265x188.jpg 265w, https:\/\/www.fuldaernachrichten.de\/wp-content\/uploads\/2008\/12\/081218_kroko.jpg 700w\" sizes=\"(max-width: 265px) 100vw, 265px\" \/><\/a>Kino.<\/strong> Der zehnj\u00e4hrige Hannes (NICK ROMEO REIMANN), der bei seiner jungen, alleinerziehenden Mutter (NORA TSCHIRNER) aufw\u00e4chst, will unbedingt von der coolsten Jugendbande im Ort, den VORSTADTKROKODILEN, aufgenommen werden und ger\u00e4t bei der notwendigen Mutprobe in Lebensgefahr. In letzter Minute wird er von Kai (FABIAN HALBIG) gerettet, der auch unbedingt zur Bande geh\u00f6ren m\u00f6chte. Das Problem: Kai sitzt im Rollstuhl und ist f\u00fcr die Kinder nur der &#8220;Spasti&#8221;, der noch nicht mal wegrennen kann, wenn\u00e2\u20ac\u2122s brenzlig wird. Als Kai einen n\u00e4chtlichen Einbruch beobachtet, wird er pl\u00f6tzlich interessant f\u00fcr die Krokodile, denn er ist ihr einziger Zeuge. Er wiederum redet nur, wenn er mitkommen darf. Mit seiner Hilfe und mit kroko-typischem Ideenreichtum, Mut und Phantasie machen sich die Vorstadtkrokodile auf, den Fall zu l\u00f6sen und es mit der scheinbar \u00fcberm\u00e4chtigen Einbrecherbande aufzunehmen&#8230;<\/p>\n","protected":false},"excerpt":{"rendered":"<div class=\"tmnf_excerpt\"><p>Kino. Der zehnj\u00e4hrige Hannes (NICK ROMEO REIMANN), der bei seiner jungen, alleinerziehenden Mutter (NORA TSCHIRNER) aufw\u00e4chst, will unbedingt von der coolsten Jugendbande im Ort, den VORSTADTKROKODILEN, aufgenommen werden und ger\u00e4t bei der notwendigen Mutprobe in Lebensgefahr. In letzter Minute wird er von Kai (FABIAN HALBIG) gerettet, der auch unbedingt zur Bande geh\u00f6ren m\u00f6chte. Das Problem: &hellip;<\/p>\n<\/div>","protected":false},"author":1,"featured_media":0,"comment_status":"closed","ping_status":"closed","sticky":false,"template":"","format":"standard","meta":{"footnotes":""},"categories":[1,79],"tags":[],"class_list":["post-17919","post","type-post","status-publish","format-standard","hentry","category-startseite","category-kino"],"_links":{"self":[{"href":"https:\/\/www.fuldaernachrichten.de\/index.php?rest_route=\/wp\/v2\/posts\/17919","targetHints":{"allow":["GET"]}}],"collection":[{"href":"https:\/\/www.fuldaernachrichten.de\/index.php?rest_route=\/wp\/v2\/posts"}],"about":[{"href":"https:\/\/www.fuldaernachrichten.de\/index.php?rest_route=\/wp\/v2\/types\/post"}],"author":[{"embeddable":true,"href":"https:\/\/www.fuldaernachrichten.de\/index.php?rest_route=\/wp\/v2\/users\/1"}],"replies":[{"embeddable":true,"href":"https:\/\/www.fuldaernachrichten.de\/index.php?rest_route=%2Fwp%2Fv2%2Fcomments&post=17919"}],"version-history":[{"count":2,"href":"https:\/\/www.fuldaernachrichten.de\/index.php?rest_route=\/wp\/v2\/posts\/17919\/revisions"}],"predecessor-version":[{"id":17931,"href":"https:\/\/www.fuldaernachrichten.de\/index.php?rest_route=\/wp\/v2\/posts\/17919\/revisions\/17931"}],"wp:attachment":[{"href":"https:\/\/www.fuldaernachrichten.de\/index.php?rest_route=%2Fwp%2Fv2%2Fmedia&parent=17919"}],"wp:term":[{"taxonomy":"category","embeddable":true,"href":"https:\/\/www.fuldaernachrichten.de\/index.php?rest_route=%2Fwp%2Fv2%2Fcategories&post=17919"},{"taxonomy":"post_tag","embeddable":true,"href":"https:\/\/www.fuldaernachrichten.de\/index.php?rest_route=%2Fwp%2Fv2%2Ftags&post=17919"}],"curies":[{"name":"wp","href":"https:\/\/api.w.org\/{rel}","templated":true}]}}