{"id":179,"date":"2006-11-30T13:30:36","date_gmt":"2006-11-30T12:30:36","guid":{"rendered":"http:\/\/www.schoene-nachrichten.de\/?p=179"},"modified":"2006-11-30T13:15:23","modified_gmt":"2006-11-30T12:15:23","slug":"kontinuitat-verlasslichkeit-und-vertrauen-jugendhilfeverbund-st-elisabeth-ehrt-jubilare","status":"publish","type":"post","link":"https:\/\/www.fuldaernachrichten.de\/?p=179","title":{"rendered":"Kontinuit\u00e4t, Verl\u00e4sslichkeit und Vertrauen &#8211; Jugendhilfeverbund St. Elisabeth ehrt Jubilare"},"content":{"rendered":"<p><strong>Sch\u00f6nes aus Fulda.<\/strong> Grund zum Feiern hatte der Jugendhilfeverbund St. Elisabeth: Gleich eine ganze Gruppe langj\u00e4hriger Mitarbeiterinnen des Fuldaer Jugendhilfeverbundes wurde durch Einrichtungsleiter Alfred Heil ausgezeichnet. Langj\u00e4hrige Mitarbeiter zu haben bedeute Kontinuit\u00e4t f\u00fcr die betreuten Kinder und Jugendlichen einerseits und Verl\u00e4sslichkeit sowie Vertrauen der Mitarbeiterinnen und Mitarbeiter andererseits. Man kenne sich gut und wisse, was man voneinander habe, so Alfred Heil, der die Laudatio hielt.<\/p>\n<p>\u00c2\u00a0<\/p>\n<p><a title=\"Foto: Stadt Fulda\" href=\"http:\/\/www.schoene-nachrichten.de\/wp-content\/uploads\/2006\/11\/unbenannt-1.jpg\" target=\"_blank\"><img decoding=\"async\" id=\"image180\" height=\"54\" alt=\"unbenannt-1.jpg\" src=\"http:\/\/www.schoene-nachrichten.de\/wp-content\/uploads\/2006\/11\/unbenannt-1.thumbnail.jpg\" \/><\/a><\/p>\n<p>\u00c2\u00a0<\/p>\n<p><!--more-->\u00c2\u00a0<\/p>\n<p>Seit zehn Jahren im Dienst der Caritas-Einrichtung in Fulda-Maberzell stehen Christine Golawski, Ellen Popper, Marlene Brons, Simone Ossowski und Claudia Thomas. Sie erhielten von Alfred Heil neben einem Blumenpr\u00e4sent als offizielle Anerkennung die bronzene Ehrennadel der Caritas.<\/p>\n<p>\u00c2\u00a0<\/p>\n<p>Wer 25 Jahre bei der Caritas t\u00e4tig ist, erh\u00e4lt bereits mit der goldenen Ehrennadel die h\u00f6chste Auszeichnung, daher konnte Alfred Heil, Marianne Lerg und Monika Koch \u201enur\u201c inoffiziell f\u00fcr 30 Jahre im Dienst der Kinder- und Jugendhilfearbeit ehren.<\/p>\n<p>\u00c2\u00a0<\/p>\n<p>Insgesamt, so der Einrichtungsleiter, sei es als \u00e4u\u00dferst positiv f\u00fcr die Einrichtung und ihre Ziele zu bewerten, dass die Fluktuation unter den Mitarbeitern relativ gering sei.<\/p>\n","protected":false},"excerpt":{"rendered":"<div class=\"tmnf_excerpt\"><p>Sch\u00f6nes aus Fulda. Grund zum Feiern hatte der Jugendhilfeverbund St. Elisabeth: Gleich eine ganze Gruppe langj\u00e4hriger Mitarbeiterinnen des Fuldaer Jugendhilfeverbundes wurde durch Einrichtungsleiter Alfred Heil ausgezeichnet. Langj\u00e4hrige Mitarbeiter zu haben bedeute Kontinuit\u00e4t f\u00fcr die betreuten Kinder und Jugendlichen einerseits und Verl\u00e4sslichkeit sowie Vertrauen der Mitarbeiterinnen und Mitarbeiter andererseits. Man kenne sich gut und wisse, was &hellip;<\/p>\n<\/div>","protected":false},"author":1,"featured_media":0,"comment_status":"closed","ping_status":"closed","sticky":false,"template":"","format":"standard","meta":{"footnotes":""},"categories":[1],"tags":[],"class_list":["post-179","post","type-post","status-publish","format-standard","hentry","category-startseite"],"_links":{"self":[{"href":"https:\/\/www.fuldaernachrichten.de\/index.php?rest_route=\/wp\/v2\/posts\/179","targetHints":{"allow":["GET"]}}],"collection":[{"href":"https:\/\/www.fuldaernachrichten.de\/index.php?rest_route=\/wp\/v2\/posts"}],"about":[{"href":"https:\/\/www.fuldaernachrichten.de\/index.php?rest_route=\/wp\/v2\/types\/post"}],"author":[{"embeddable":true,"href":"https:\/\/www.fuldaernachrichten.de\/index.php?rest_route=\/wp\/v2\/users\/1"}],"replies":[{"embeddable":true,"href":"https:\/\/www.fuldaernachrichten.de\/index.php?rest_route=%2Fwp%2Fv2%2Fcomments&post=179"}],"version-history":[{"count":0,"href":"https:\/\/www.fuldaernachrichten.de\/index.php?rest_route=\/wp\/v2\/posts\/179\/revisions"}],"wp:attachment":[{"href":"https:\/\/www.fuldaernachrichten.de\/index.php?rest_route=%2Fwp%2Fv2%2Fmedia&parent=179"}],"wp:term":[{"taxonomy":"category","embeddable":true,"href":"https:\/\/www.fuldaernachrichten.de\/index.php?rest_route=%2Fwp%2Fv2%2Fcategories&post=179"},{"taxonomy":"post_tag","embeddable":true,"href":"https:\/\/www.fuldaernachrichten.de\/index.php?rest_route=%2Fwp%2Fv2%2Ftags&post=179"}],"curies":[{"name":"wp","href":"https:\/\/api.w.org\/{rel}","templated":true}]}}