{"id":17851,"date":"2008-12-19T08:18:25","date_gmt":"2008-12-19T07:18:25","guid":{"rendered":"http:\/\/www.schoene-nachrichten.de\/?p=17851"},"modified":"2008-12-19T08:57:46","modified_gmt":"2008-12-19T07:57:46","slug":"seniorennachmittag-in-dammersbach","status":"publish","type":"post","link":"https:\/\/www.fuldaernachrichten.de\/?p=17851","title":{"rendered":"Seniorennachmittag in Dammersbach"},"content":{"rendered":"<p><strong>H\u00fcnfeld\/Dammersbach. <\/strong>Die Jugendgruppe Dammersbach gestaltet am Sonntag, 21. Dezember, ab 14 Uhr, den diesj\u00e4hrigen Seniorennachmittag im Dammersbacher B\u00fcrgerhaus. Dazu sind nach Angaben der Stadtverwaltung H\u00fcnfeld alle \u00e4lteren B\u00fcrger des Stadtteils eingeladen.<\/p>\n","protected":false},"excerpt":{"rendered":"<div class=\"tmnf_excerpt\"><p>H\u00fcnfeld\/Dammersbach. Die Jugendgruppe Dammersbach gestaltet am Sonntag, 21. Dezember, ab 14 Uhr, den diesj\u00e4hrigen Seniorennachmittag im Dammersbacher B\u00fcrgerhaus. Dazu sind nach Angaben der Stadtverwaltung H\u00fcnfeld alle \u00e4lteren B\u00fcrger des Stadtteils eingeladen.<\/p>\n<\/div>","protected":false},"author":1,"featured_media":0,"comment_status":"closed","ping_status":"closed","sticky":false,"template":"","format":"standard","meta":{"footnotes":""},"categories":[1,72],"tags":[],"class_list":["post-17851","post","type-post","status-publish","format-standard","hentry","category-startseite","category-jugend"],"_links":{"self":[{"href":"https:\/\/www.fuldaernachrichten.de\/index.php?rest_route=\/wp\/v2\/posts\/17851","targetHints":{"allow":["GET"]}}],"collection":[{"href":"https:\/\/www.fuldaernachrichten.de\/index.php?rest_route=\/wp\/v2\/posts"}],"about":[{"href":"https:\/\/www.fuldaernachrichten.de\/index.php?rest_route=\/wp\/v2\/types\/post"}],"author":[{"embeddable":true,"href":"https:\/\/www.fuldaernachrichten.de\/index.php?rest_route=\/wp\/v2\/users\/1"}],"replies":[{"embeddable":true,"href":"https:\/\/www.fuldaernachrichten.de\/index.php?rest_route=%2Fwp%2Fv2%2Fcomments&post=17851"}],"version-history":[{"count":2,"href":"https:\/\/www.fuldaernachrichten.de\/index.php?rest_route=\/wp\/v2\/posts\/17851\/revisions"}],"predecessor-version":[{"id":17996,"href":"https:\/\/www.fuldaernachrichten.de\/index.php?rest_route=\/wp\/v2\/posts\/17851\/revisions\/17996"}],"wp:attachment":[{"href":"https:\/\/www.fuldaernachrichten.de\/index.php?rest_route=%2Fwp%2Fv2%2Fmedia&parent=17851"}],"wp:term":[{"taxonomy":"category","embeddable":true,"href":"https:\/\/www.fuldaernachrichten.de\/index.php?rest_route=%2Fwp%2Fv2%2Fcategories&post=17851"},{"taxonomy":"post_tag","embeddable":true,"href":"https:\/\/www.fuldaernachrichten.de\/index.php?rest_route=%2Fwp%2Fv2%2Ftags&post=17851"}],"curies":[{"name":"wp","href":"https:\/\/api.w.org\/{rel}","templated":true}]}}