{"id":17849,"date":"2008-12-25T05:42:29","date_gmt":"2008-12-25T04:42:29","guid":{"rendered":"http:\/\/www.schoene-nachrichten.de\/?p=17849"},"modified":"2008-12-25T05:42:29","modified_gmt":"2008-12-25T04:42:29","slug":"hindenburgallee-soll-ausgebaut-werden","status":"publish","type":"post","link":"https:\/\/www.fuldaernachrichten.de\/?p=17849","title":{"rendered":"Hindenburgallee soll ausgebaut werden"},"content":{"rendered":"<p><strong>H\u00fcnfeld.<\/strong> Mit dem Ausbau der Hindenburgallee in H\u00fcnfeld soll nach Angaben von B\u00fcrgermeister Dr. Eberhard Fennel im kommenden Jahr begonnen werden. Das Vorhaben ist mit rund 460 000 Euro kalkuliert. Ausl\u00f6ser f\u00fcr die Bauma\u00dfnahme ist die notwendige Kanalerneuerung in dieser Stra\u00dfe. Der Magistrat der Stadt H\u00fcnfeld hat jetzt die Ausf\u00fchrungsplanung und Bau\u00fcberwachung an ein Ingenieurb\u00fcro vergeben, das jetzt die Ausschreibungen f\u00fcr das Projekt vorbereiten wird. In diese Ausf\u00fchrungsplanung sollen auch die Ergebnisse der Anliegerversammlung einflie\u00dfen.<\/p>\n","protected":false},"excerpt":{"rendered":"<div class=\"tmnf_excerpt\"><p>H\u00fcnfeld. Mit dem Ausbau der Hindenburgallee in H\u00fcnfeld soll nach Angaben von B\u00fcrgermeister Dr. Eberhard Fennel im kommenden Jahr begonnen werden. Das Vorhaben ist mit rund 460 000 Euro kalkuliert. Ausl\u00f6ser f\u00fcr die Bauma\u00dfnahme ist die notwendige Kanalerneuerung in dieser Stra\u00dfe. Der Magistrat der Stadt H\u00fcnfeld hat jetzt die Ausf\u00fchrungsplanung und Bau\u00fcberwachung an ein Ingenieurb\u00fcro &hellip;<\/p>\n<\/div>","protected":false},"author":1,"featured_media":0,"comment_status":"closed","ping_status":"closed","sticky":false,"template":"","format":"standard","meta":{"footnotes":""},"categories":[1,35,29],"tags":[],"class_list":["post-17849","post","type-post","status-publish","format-standard","hentry","category-startseite","category-auto","category-politik"],"_links":{"self":[{"href":"https:\/\/www.fuldaernachrichten.de\/index.php?rest_route=\/wp\/v2\/posts\/17849","targetHints":{"allow":["GET"]}}],"collection":[{"href":"https:\/\/www.fuldaernachrichten.de\/index.php?rest_route=\/wp\/v2\/posts"}],"about":[{"href":"https:\/\/www.fuldaernachrichten.de\/index.php?rest_route=\/wp\/v2\/types\/post"}],"author":[{"embeddable":true,"href":"https:\/\/www.fuldaernachrichten.de\/index.php?rest_route=\/wp\/v2\/users\/1"}],"replies":[{"embeddable":true,"href":"https:\/\/www.fuldaernachrichten.de\/index.php?rest_route=%2Fwp%2Fv2%2Fcomments&post=17849"}],"version-history":[{"count":2,"href":"https:\/\/www.fuldaernachrichten.de\/index.php?rest_route=\/wp\/v2\/posts\/17849\/revisions"}],"predecessor-version":[{"id":18292,"href":"https:\/\/www.fuldaernachrichten.de\/index.php?rest_route=\/wp\/v2\/posts\/17849\/revisions\/18292"}],"wp:attachment":[{"href":"https:\/\/www.fuldaernachrichten.de\/index.php?rest_route=%2Fwp%2Fv2%2Fmedia&parent=17849"}],"wp:term":[{"taxonomy":"category","embeddable":true,"href":"https:\/\/www.fuldaernachrichten.de\/index.php?rest_route=%2Fwp%2Fv2%2Fcategories&post=17849"},{"taxonomy":"post_tag","embeddable":true,"href":"https:\/\/www.fuldaernachrichten.de\/index.php?rest_route=%2Fwp%2Fv2%2Ftags&post=17849"}],"curies":[{"name":"wp","href":"https:\/\/api.w.org\/{rel}","templated":true}]}}