{"id":178458,"date":"2019-03-06T18:57:23","date_gmt":"2019-03-06T17:57:23","guid":{"rendered":"http:\/\/www.fuldaer-nachrichten.de\/?p=178458"},"modified":"2019-03-06T18:57:25","modified_gmt":"2019-03-06T17:57:25","slug":"der-magische-stein-zum-stadtjubilaeum-erschienen","status":"publish","type":"post","link":"https:\/\/www.fuldaernachrichten.de\/?p=178458","title":{"rendered":"\u201eDer Magische Stein\u201c zum Stadtjubil\u00e4um erschienen"},"content":{"rendered":"\n<p>Anl\u00e4sslich des Jubil\u00e4ums \u201e1275 Jahre Fulda\u201c ist jetzt das Kinderbuch \u201eDer Magische Stein\u201c erschienen. In den Geschichten um den Jungen Tom werden die Kinder mitgenommen auf verschiedene Zeitreisen zu wichtigen Stationen in der Fuldaer Geschichte. <\/p>\n\n\n\n<p>So sieht Tom Bonifatius und Sturmius bei der Klostergr\u00fcndung zu, trifft Abt Richard bei der ersten M\u00fcnzpr\u00e4gung, erschrickt sich bei den Bauerkriegen und reist in die Barockzeit. Weitere Stationen sind der Besuch Napoleons in Fulda, die Industrialisierung und die Grenz\u00f6ffnung. Am Ende darf jedes Kind sich ausmalen, wie Fulda wohl im Jahre 2050 aussehen wird. Erg\u00e4nzt werden die Geschichten durch eine Zeittafel mit den wichtigsten historischen Informationen zu Fulda. Ein Glossar am Ende erkl\u00e4rt Personen der Stadtgeschichte und bestimmte historische Begriffe. <\/p>\n\n\n\n<p>Das Buch, das sich sowohl als Vorlesebuch als auch als Lesebuch eignet, ist ein Gemeinschaftswerk zwischen der Stadt Fulda und dem Verlag Parzeller. Gestaltet wurde es von st\u00e4dtischen Mitarbeitern: Die Story stammt von Heike M\u00fcnker, die Zeichnungen lieferte Ingmar S\u00fc\u00df, und die historische Beratung lieferte die Museumsp\u00e4dagogin Kornelia Wagner. Rainer Klitsch (Parzellers Buchverlag) unterst\u00fctzte das Team mit seiner verlegerischen Erfahrung. Das Buch ist auch f\u00fcr den Unterricht in Grundschulen gedacht.<\/p>\n\n\n\n<p>Das 44-seitige Buch ist ab sofort f\u00fcr 6 Euro in den Gesch\u00e4ftsstellen der Fuldaer Zeitung, in der Tourist-Information am Bonifatiusplatz, im Vonderau-Museum sowie im \u00f6rtlichen Buchhandel erh\u00e4ltlich. <\/p>\n\n\n\n<ul class=\"wp-block-gallery columns-2 is-cropped wp-block-gallery-1 is-layout-flex wp-block-gallery-is-layout-flex\"><li class=\"blocks-gallery-item\"><figure><img fetchpriority=\"high\" decoding=\"async\" width=\"600\" height=\"481\" src=\"http:\/\/www.fuldaer-nachrichten.de\/wp-content\/uploads\/2019\/03\/Kinderbuch1-600x481.jpg\" alt=\"\" data-id=\"178460\" data-link=\"http:\/\/www.fuldaer-nachrichten.de\/?attachment_id=178460\" class=\"wp-image-178460\" srcset=\"https:\/\/www.fuldaernachrichten.de\/wp-content\/uploads\/2019\/03\/Kinderbuch1-600x481.jpg 600w, https:\/\/www.fuldaernachrichten.de\/wp-content\/uploads\/2019\/03\/Kinderbuch1-265x212.jpg 265w, https:\/\/www.fuldaernachrichten.de\/wp-content\/uploads\/2019\/03\/Kinderbuch1-768x615.jpg 768w, https:\/\/www.fuldaernachrichten.de\/wp-content\/uploads\/2019\/03\/Kinderbuch1.jpg 900w\" sizes=\"(max-width: 600px) 100vw, 600px\" \/><\/figure><\/li><li class=\"blocks-gallery-item\"><figure><img decoding=\"async\" width=\"600\" height=\"450\" src=\"http:\/\/www.fuldaer-nachrichten.de\/wp-content\/uploads\/2019\/03\/Kinderbuch2-600x450.jpg\" alt=\"\" data-id=\"178461\" data-link=\"http:\/\/www.fuldaer-nachrichten.de\/?attachment_id=178461\" class=\"wp-image-178461\" srcset=\"https:\/\/www.fuldaernachrichten.de\/wp-content\/uploads\/2019\/03\/Kinderbuch2-600x450.jpg 600w, https:\/\/www.fuldaernachrichten.de\/wp-content\/uploads\/2019\/03\/Kinderbuch2-265x199.jpg 265w, https:\/\/www.fuldaernachrichten.de\/wp-content\/uploads\/2019\/03\/Kinderbuch2-768x576.jpg 768w, https:\/\/www.fuldaernachrichten.de\/wp-content\/uploads\/2019\/03\/Kinderbuch2.jpg 900w\" sizes=\"(max-width: 600px) 100vw, 600px\" \/><\/figure><\/li><\/ul>\n","protected":false},"excerpt":{"rendered":"<div class=\"tmnf_excerpt\"><p>Anl\u00e4sslich des Jubil\u00e4ums \u201e1275 Jahre Fulda\u201c ist jetzt das Kinderbuch \u201eDer Magische Stein\u201c erschienen. In den Geschichten um den Jungen Tom werden die Kinder mitgenommen auf verschiedene Zeitreisen zu wichtigen Stationen in der Fuldaer Geschichte. So sieht Tom Bonifatius und Sturmius bei der Klostergr\u00fcndung zu, trifft Abt Richard bei der ersten M\u00fcnzpr\u00e4gung, erschrickt sich bei &hellip;<\/p>\n<\/div>","protected":false},"author":1,"featured_media":178459,"comment_status":"closed","ping_status":"closed","sticky":false,"template":"","format":"standard","meta":{"footnotes":""},"categories":[1],"tags":[],"class_list":["post-178458","post","type-post","status-publish","format-standard","has-post-thumbnail","hentry","category-startseite"],"_links":{"self":[{"href":"https:\/\/www.fuldaernachrichten.de\/index.php?rest_route=\/wp\/v2\/posts\/178458","targetHints":{"allow":["GET"]}}],"collection":[{"href":"https:\/\/www.fuldaernachrichten.de\/index.php?rest_route=\/wp\/v2\/posts"}],"about":[{"href":"https:\/\/www.fuldaernachrichten.de\/index.php?rest_route=\/wp\/v2\/types\/post"}],"author":[{"embeddable":true,"href":"https:\/\/www.fuldaernachrichten.de\/index.php?rest_route=\/wp\/v2\/users\/1"}],"replies":[{"embeddable":true,"href":"https:\/\/www.fuldaernachrichten.de\/index.php?rest_route=%2Fwp%2Fv2%2Fcomments&post=178458"}],"version-history":[{"count":1,"href":"https:\/\/www.fuldaernachrichten.de\/index.php?rest_route=\/wp\/v2\/posts\/178458\/revisions"}],"predecessor-version":[{"id":178462,"href":"https:\/\/www.fuldaernachrichten.de\/index.php?rest_route=\/wp\/v2\/posts\/178458\/revisions\/178462"}],"wp:featuredmedia":[{"embeddable":true,"href":"https:\/\/www.fuldaernachrichten.de\/index.php?rest_route=\/wp\/v2\/media\/178459"}],"wp:attachment":[{"href":"https:\/\/www.fuldaernachrichten.de\/index.php?rest_route=%2Fwp%2Fv2%2Fmedia&parent=178458"}],"wp:term":[{"taxonomy":"category","embeddable":true,"href":"https:\/\/www.fuldaernachrichten.de\/index.php?rest_route=%2Fwp%2Fv2%2Fcategories&post=178458"},{"taxonomy":"post_tag","embeddable":true,"href":"https:\/\/www.fuldaernachrichten.de\/index.php?rest_route=%2Fwp%2Fv2%2Ftags&post=178458"}],"curies":[{"name":"wp","href":"https:\/\/api.w.org\/{rel}","templated":true}]}}