{"id":17837,"date":"2008-12-16T22:11:58","date_gmt":"2008-12-16T21:11:58","guid":{"rendered":"http:\/\/www.schoene-nachrichten.de\/?p=17837"},"modified":"2008-12-18T08:45:54","modified_gmt":"2008-12-18T07:45:54","slug":"neuer-umweltkalender","status":"publish","type":"post","link":"https:\/\/www.fuldaernachrichten.de\/?p=17837","title":{"rendered":"Neuer Umweltkalender"},"content":{"rendered":"<p><strong>H\u00fcnfeld.<\/strong> Der neue Umweltkalender des Landkreises Fulda f\u00fcr die Stadt H\u00fcnfeld wird in der heutigen Ausgabe des Amtsblatts der Stadt H\u00fcnfeld als Beilage an alle Haushalte verteilt. Dieser Umweltkalender enth\u00e4lt vor allem alle Termine f\u00fcr die Abfallentsorgung 2009. Bei Bedarf k\u00f6nnen Mehrexemplare auch an der Rathauspforte abgeholt werden.<!--more--><strong><\/strong><\/p>\n<p><strong>Sammeltermine und \u00d6ffnungszeiten<\/strong><br \/>\nIm Umweltkalender sind die Sammeltermine f\u00fcr Sperrm\u00fcll, Altholz, schadstoffhaltige Abf\u00e4lle sowie die Abfuhrtage der Biotonnen, der Blauen Tonnen, der Restm\u00fclltonnen sowie der Gelben Tonnen verzeichnet. Au\u00dferdem enth\u00e4lt der Umweltkalender Informationen \u00fcber die \u00d6ffnungszeiten von Wertstoffh\u00f6fen und Entsorgungsanlagen, die Standorte von Glassammelcontainern sowie die wichtigsten Ansprechpartner mit Telefonnummern und e-mail Adressen.<\/p>\n<p>Weiter gibt der Umweltkalender Auskunft \u00fcber Entsorgungsm\u00f6glichkeiten f\u00fcr Alt\u00f6l, Altmedikamente, Altmetall, Bauschutt, elektrische und elektronische Altger\u00e4te, Leuchtstofflampen, Trockenbatterien und vieles mehr. Auch sind darin die \u00d6ffnungszeiten der Kompostieranlage der Stadt H\u00fcnfeld verzeichnet.<\/p>\n<p>Der Umweltkalender ist wie in den vergangenen Jahren auch unter <a href=\"http:\/\/www.huenfeld.de\" target=\"_blank\">www.huenfeld.de<\/a> sowie unter der Homepage des Landkreises Fulda <a href=\"http:\/\/www.landkreis-fulda.de\" target=\"_blank\">www.landkreis-fulda.de<\/a> unter der Rubrik \u201eB\u00fcrgerservice \u2013 Natur und Umwelt-Abfall\u201c einzusehen.<\/p>\n","protected":false},"excerpt":{"rendered":"<div class=\"tmnf_excerpt\"><p>H\u00fcnfeld. Der neue Umweltkalender des Landkreises Fulda f\u00fcr die Stadt H\u00fcnfeld wird in der heutigen Ausgabe des Amtsblatts der Stadt H\u00fcnfeld als Beilage an alle Haushalte verteilt. Dieser Umweltkalender enth\u00e4lt vor allem alle Termine f\u00fcr die Abfallentsorgung 2009. Bei Bedarf k\u00f6nnen Mehrexemplare auch an der Rathauspforte abgeholt werden.<\/p>\n<\/div>","protected":false},"author":1,"featured_media":0,"comment_status":"closed","ping_status":"closed","sticky":false,"template":"","format":"standard","meta":{"footnotes":""},"categories":[1,52],"tags":[],"class_list":["post-17837","post","type-post","status-publish","format-standard","hentry","category-startseite","category-umwelt"],"_links":{"self":[{"href":"https:\/\/www.fuldaernachrichten.de\/index.php?rest_route=\/wp\/v2\/posts\/17837","targetHints":{"allow":["GET"]}}],"collection":[{"href":"https:\/\/www.fuldaernachrichten.de\/index.php?rest_route=\/wp\/v2\/posts"}],"about":[{"href":"https:\/\/www.fuldaernachrichten.de\/index.php?rest_route=\/wp\/v2\/types\/post"}],"author":[{"embeddable":true,"href":"https:\/\/www.fuldaernachrichten.de\/index.php?rest_route=\/wp\/v2\/users\/1"}],"replies":[{"embeddable":true,"href":"https:\/\/www.fuldaernachrichten.de\/index.php?rest_route=%2Fwp%2Fv2%2Fcomments&post=17837"}],"version-history":[{"count":6,"href":"https:\/\/www.fuldaernachrichten.de\/index.php?rest_route=\/wp\/v2\/posts\/17837\/revisions"}],"predecessor-version":[{"id":17888,"href":"https:\/\/www.fuldaernachrichten.de\/index.php?rest_route=\/wp\/v2\/posts\/17837\/revisions\/17888"}],"wp:attachment":[{"href":"https:\/\/www.fuldaernachrichten.de\/index.php?rest_route=%2Fwp%2Fv2%2Fmedia&parent=17837"}],"wp:term":[{"taxonomy":"category","embeddable":true,"href":"https:\/\/www.fuldaernachrichten.de\/index.php?rest_route=%2Fwp%2Fv2%2Fcategories&post=17837"},{"taxonomy":"post_tag","embeddable":true,"href":"https:\/\/www.fuldaernachrichten.de\/index.php?rest_route=%2Fwp%2Fv2%2Ftags&post=17837"}],"curies":[{"name":"wp","href":"https:\/\/api.w.org\/{rel}","templated":true}]}}