{"id":178237,"date":"2019-02-27T20:06:14","date_gmt":"2019-02-27T19:06:14","guid":{"rendered":"http:\/\/www.fuldaer-nachrichten.de\/?p=178237"},"modified":"2019-02-27T20:06:16","modified_gmt":"2019-02-27T19:06:16","slug":"umpflanz-und-baumfaellarbeiten-in-der-bahnhofstrasse","status":"publish","type":"post","link":"https:\/\/www.fuldaernachrichten.de\/?p=178237","title":{"rendered":"Umpflanz- und Baumf\u00e4llarbeiten in der Bahnhofstra\u00dfe"},"content":{"rendered":"\n<p>Im Zuge der geplanten Umgestaltung der mittleren Bahnhofstra\u00dfe zu einer Fu\u00dfg\u00e4ngerzone sind in den kommenden Wochen umfangreiche Tiefbauarbeiten erforderlich. Zum einen geht es um neue Stra\u00dfenbel\u00e4ge, zum anderen muss jedoch auch tiefer gebaggert werden: Zum Teil m\u00fcssen n\u00e4mlich Versorgungsleitungen erneuert werden, auch schadhafte Kan\u00e4le und Hausanschl\u00fcsse stehen zur dringenden Sanierung an.  <\/p>\n\n\n\n<ul class=\"wp-block-gallery columns-1 is-cropped wp-block-gallery-1 is-layout-flex wp-block-gallery-is-layout-flex\"><li class=\"blocks-gallery-item\"><figure><img decoding=\"async\" src=\"http:\/\/www.fuldaer-nachrichten.de\/wp-content\/uploads\/2019\/02\/Bahnhofstra\u00dfe1-600x450.jpg\" alt=\"\" data-id=\"178240\" data-link=\"http:\/\/www.fuldaer-nachrichten.de\/?attachment_id=178240\" class=\"wp-image-178240\"\/><\/figure><\/li><\/ul>\n\n\n\n<p>Gerade wegen der n\u00f6tigen Arbeiten am Kanalnetz m\u00fcssen im ersten Schritt Akazienb\u00e4ume im unmittelbaren Bereich des Baufelds gef\u00e4llt werden. Die Arbeiten werden voraussichtlich in der 10. Kalenderwoche stattfinden, der Rosenmontagsumzug wird von den Arbeiten selbstverst\u00e4ndlich nicht betroffen sein. <\/p>\n\n\n\n<p>Die Baumf\u00e4llungen wurden seitens der Stadt Fulda mit der Unteren Naturschutzbeh\u00f6rde abgestimmt. Demnach werden vier betroffene Jungb\u00e4ume verpflanzt, die entnommenen Akazien werden durch neuangepflanzte Platanen ersetzt.<\/p>\n\n\n\n<p>In diesem Zusammenhang macht die Stadt Fulda darauf aufmerksam, dass alle Fahrr\u00e4der, die derzeit an den Baumschutzb\u00fcgeln der mittleren Bahnhofstra\u00dfe angekettet sind, bis zum 3. M\u00e4rz zu entfernen sind, da vor den Baumf\u00e4llarbeiten die Baumschutzb\u00fcgel demontiert werden m\u00fcssen. Verbliebene Fahrr\u00e4der werden dem Fundb\u00fcro der Stadt \u00fcbergeben und k\u00f6nnen von den Besitzern ggf. dort abgeholt werden. Die Stadt Fulda bittet um Verst\u00e4ndnis f\u00fcr die n\u00f6tigen Ma\u00dfnahmen.<\/p>\n","protected":false},"excerpt":{"rendered":"<div class=\"tmnf_excerpt\"><p>Im Zuge der geplanten Umgestaltung der mittleren Bahnhofstra\u00dfe zu einer Fu\u00dfg\u00e4ngerzone sind in den kommenden Wochen umfangreiche Tiefbauarbeiten erforderlich. Zum einen geht es um neue Stra\u00dfenbel\u00e4ge, zum anderen muss jedoch auch tiefer gebaggert werden: Zum Teil m\u00fcssen n\u00e4mlich Versorgungsleitungen erneuert werden, auch schadhafte Kan\u00e4le und Hausanschl\u00fcsse stehen zur dringenden Sanierung an. Gerade wegen der n\u00f6tigen &hellip;<\/p>\n<\/div>","protected":false},"author":1,"featured_media":178238,"comment_status":"closed","ping_status":"closed","sticky":false,"template":"","format":"standard","meta":{"footnotes":""},"categories":[1],"tags":[],"class_list":["post-178237","post","type-post","status-publish","format-standard","has-post-thumbnail","hentry","category-startseite"],"_links":{"self":[{"href":"https:\/\/www.fuldaernachrichten.de\/index.php?rest_route=\/wp\/v2\/posts\/178237","targetHints":{"allow":["GET"]}}],"collection":[{"href":"https:\/\/www.fuldaernachrichten.de\/index.php?rest_route=\/wp\/v2\/posts"}],"about":[{"href":"https:\/\/www.fuldaernachrichten.de\/index.php?rest_route=\/wp\/v2\/types\/post"}],"author":[{"embeddable":true,"href":"https:\/\/www.fuldaernachrichten.de\/index.php?rest_route=\/wp\/v2\/users\/1"}],"replies":[{"embeddable":true,"href":"https:\/\/www.fuldaernachrichten.de\/index.php?rest_route=%2Fwp%2Fv2%2Fcomments&post=178237"}],"version-history":[{"count":1,"href":"https:\/\/www.fuldaernachrichten.de\/index.php?rest_route=\/wp\/v2\/posts\/178237\/revisions"}],"predecessor-version":[{"id":178241,"href":"https:\/\/www.fuldaernachrichten.de\/index.php?rest_route=\/wp\/v2\/posts\/178237\/revisions\/178241"}],"wp:featuredmedia":[{"embeddable":true,"href":"https:\/\/www.fuldaernachrichten.de\/index.php?rest_route=\/wp\/v2\/media\/178238"}],"wp:attachment":[{"href":"https:\/\/www.fuldaernachrichten.de\/index.php?rest_route=%2Fwp%2Fv2%2Fmedia&parent=178237"}],"wp:term":[{"taxonomy":"category","embeddable":true,"href":"https:\/\/www.fuldaernachrichten.de\/index.php?rest_route=%2Fwp%2Fv2%2Fcategories&post=178237"},{"taxonomy":"post_tag","embeddable":true,"href":"https:\/\/www.fuldaernachrichten.de\/index.php?rest_route=%2Fwp%2Fv2%2Ftags&post=178237"}],"curies":[{"name":"wp","href":"https:\/\/api.w.org\/{rel}","templated":true}]}}