{"id":178201,"date":"2019-02-27T19:47:32","date_gmt":"2019-02-27T18:47:32","guid":{"rendered":"http:\/\/www.fuldaer-nachrichten.de\/?p=178201"},"modified":"2019-02-27T19:47:34","modified_gmt":"2019-02-27T18:47:34","slug":"neues-gesetz-neue-verbesserungen-neue-herausforderungen-informationsabend-ueber-das-bundesteilhabegesetz-im-haus-am-wiesenweg","status":"publish","type":"post","link":"https:\/\/www.fuldaernachrichten.de\/?p=178201","title":{"rendered":"Neues Gesetz, neue Verbesserungen, neue Herausforderungen &#8211; Informationsabend \u00fcber das Bundesteilhabegesetz im Haus am Wiesenweg"},"content":{"rendered":"\n<p>Das Bundesteilhabegesetz (BTHG) ist eines der gr\u00f6\u00dferen politischen Vorhaben der Bundesregierung der letzten Jahre und bringt zahlreiche Chancen und Herausforderungen mit sich. Das neue Gesetz soll die Lebenssituation von Menschen mit Behinderung verbessern und diese mit ihren Bed\u00fcrfnissen und W\u00fcnschen zunehmend in den absoluten Mittelpunkt stellen. Neben all den positiven Absichten dieser Ma\u00dfnahme tauchen allerdings auch Fragen auf \u2013 seitens der Dienstleister, wie auch der gesetzlichen Betreuer.  <br>\nKompass Leben e.V. hat j\u00fcngst mit einer abendlichen Informationsveranstaltung im Haus am Wiesenweg in Alsfeld die gesetzlichen Betreuer \u00fcber die aktuelle gesetzliche Situation aufgekl\u00e4rt. Als Referenten\/-innen und Ansprechpartner\/-innen des Abends standen der Fachbereichsleiter Wohnen Thomas M\u00fcller, der stellvertretende Einrichtungsleiter Jens-Martin Kleem und die beiden Teilhabecoaches Thomas Zuschlag und Isabell Desch zur Verf\u00fcgung.<br>\nSo wurden im Laufe des Abends umfassende und detaillierte Informationen rund um das neue Gesetz und die damit verbundenen Konsequenzen in den Wohneinrichtungen erl\u00e4utert. Etwaige Bef\u00fcrchtungen und Bedenken wurden beiderseits offen kommuniziert und entsprechende L\u00f6sungsans\u00e4tze dargestellt. Dar\u00fcber hinaus wurde allen Anwesenden eine Ratgeber-Brosch\u00fcre zum Bundesteilhabegesetz mit nach Hause gegeben, um weiterhin geb\u00fcndelt auf die wichtigen Informationen zur\u00fcckgreifen zu k\u00f6nnen. <br>\nNach Ende der Vortr\u00e4ge gab es erneut explizit Gelegenheit um offene Fragen zu stellen und hausgemachte Snacks zu genie\u00dfen. <\/p>\n","protected":false},"excerpt":{"rendered":"<div class=\"tmnf_excerpt\"><p>Das Bundesteilhabegesetz (BTHG) ist eines der gr\u00f6\u00dferen politischen Vorhaben der Bundesregierung der letzten Jahre und bringt zahlreiche Chancen und Herausforderungen mit sich. Das neue Gesetz soll die Lebenssituation von Menschen mit Behinderung verbessern und diese mit ihren Bed\u00fcrfnissen und W\u00fcnschen zunehmend in den absoluten Mittelpunkt stellen. Neben all den positiven Absichten dieser Ma\u00dfnahme tauchen allerdings &hellip;<\/p>\n<\/div>","protected":false},"author":1,"featured_media":178202,"comment_status":"closed","ping_status":"closed","sticky":false,"template":"","format":"standard","meta":{"footnotes":""},"categories":[1],"tags":[],"class_list":["post-178201","post","type-post","status-publish","format-standard","has-post-thumbnail","hentry","category-startseite"],"_links":{"self":[{"href":"https:\/\/www.fuldaernachrichten.de\/index.php?rest_route=\/wp\/v2\/posts\/178201","targetHints":{"allow":["GET"]}}],"collection":[{"href":"https:\/\/www.fuldaernachrichten.de\/index.php?rest_route=\/wp\/v2\/posts"}],"about":[{"href":"https:\/\/www.fuldaernachrichten.de\/index.php?rest_route=\/wp\/v2\/types\/post"}],"author":[{"embeddable":true,"href":"https:\/\/www.fuldaernachrichten.de\/index.php?rest_route=\/wp\/v2\/users\/1"}],"replies":[{"embeddable":true,"href":"https:\/\/www.fuldaernachrichten.de\/index.php?rest_route=%2Fwp%2Fv2%2Fcomments&post=178201"}],"version-history":[{"count":1,"href":"https:\/\/www.fuldaernachrichten.de\/index.php?rest_route=\/wp\/v2\/posts\/178201\/revisions"}],"predecessor-version":[{"id":178203,"href":"https:\/\/www.fuldaernachrichten.de\/index.php?rest_route=\/wp\/v2\/posts\/178201\/revisions\/178203"}],"wp:featuredmedia":[{"embeddable":true,"href":"https:\/\/www.fuldaernachrichten.de\/index.php?rest_route=\/wp\/v2\/media\/178202"}],"wp:attachment":[{"href":"https:\/\/www.fuldaernachrichten.de\/index.php?rest_route=%2Fwp%2Fv2%2Fmedia&parent=178201"}],"wp:term":[{"taxonomy":"category","embeddable":true,"href":"https:\/\/www.fuldaernachrichten.de\/index.php?rest_route=%2Fwp%2Fv2%2Fcategories&post=178201"},{"taxonomy":"post_tag","embeddable":true,"href":"https:\/\/www.fuldaernachrichten.de\/index.php?rest_route=%2Fwp%2Fv2%2Ftags&post=178201"}],"curies":[{"name":"wp","href":"https:\/\/api.w.org\/{rel}","templated":true}]}}