{"id":178183,"date":"2019-02-25T19:25:14","date_gmt":"2019-02-25T18:25:14","guid":{"rendered":"http:\/\/www.fuldaer-nachrichten.de\/?p=178183"},"modified":"2019-02-25T19:25:15","modified_gmt":"2019-02-25T18:25:15","slug":"ron-spielman-sound-in-der-justizvollzugsanstalt-fulda","status":"publish","type":"post","link":"https:\/\/www.fuldaernachrichten.de\/?p=178183","title":{"rendered":"Ron Spielman \u2013 Sound in der Justizvollzugsanstalt Fulda"},"content":{"rendered":"\n<p>Im Rahmen von \u201eTheater hinter Gitter\u201c gab Ron Spielman (Gesang, Gitarre) mit seiner Band ein Konzert f\u00fcr die Inhaftierten im Andachtsraum der Justizvollzugsanstalt Fulda. Organisiert und finanziert hatten das einst\u00fcndige Konzert Peter Gebhard vom Vorstand \u201e F\u00f6rderung der Bew\u00e4hrungshilfe in Hessen e.V.\u201c in Zusammenarbeit mit Markus Stein von der JVA Fulda. Gut ausgesteuert am Mixer von Lucas Klier passte sich der elektronische Sound dem Raumvolumen an. Der Bandlieder, Singer und Songwriter mit Thomas Stieger (Bass), Yasmin Tan (Keyboard und Klavinova) sowie Julian K\u00fclpmann (Schlagzeug) spielten Rock, Blues, Fusion, Pop, Folk und Jazz, der unter die Haut ging. Trotzdem waren sein Gesang und die hervorragend gespielten Gitarrensolos, bei denen die Finger gleichsam das Instrument streichelten, sowohl kantig als auch z\u00e4rtlich. Gekonnt wechselte die F\u00fchrungsstimme von Gesang zur Gitarre und umgekehrt und zeigte wie stark Ron Spielman sich gleichsam zum Medium machte. Die Livemusik der besonderen Klasse, die ein emotional mitnehmender, musikalischer Leckerbissen war, beindruckte nicht nur die Zuh\u00f6rerschaft, sondern lie\u00df die Zeit auch wie im Fluge vergehen. Beifall nach jedem St\u00fcck, die Forderung von Zugabe, der die Musiker gerne nachkamen und der lange Beifall am Ende, waren gleichzeitig ein Zeichen hoher Zufriedenheit und Dank an die Band. Der neue Anstaltsleiter der JVA Fulda, Karsten Koudela, hatte die Band und Inhaftierten zu Beginn begr\u00fc\u00dft. Unterschiedliche kulturelle Veranstaltungen seien nicht nur eine sinnvolle Abwechslung im Gef\u00e4ngnisalltag, sondern seien auch ein Eckstein im Rahmen der Resozialisierung. Er dankte dem Verein \u201e F\u00f6rderung der Bew\u00e4hrungshilfe in Hessen e.V.\u201c f\u00fcr sein Engagement f\u00fcr die Gef\u00e4ngnisinsassen.<\/p>\n","protected":false},"excerpt":{"rendered":"<div class=\"tmnf_excerpt\"><p>Im Rahmen von \u201eTheater hinter Gitter\u201c gab Ron Spielman (Gesang, Gitarre) mit seiner Band ein Konzert f\u00fcr die Inhaftierten im Andachtsraum der Justizvollzugsanstalt Fulda. Organisiert und finanziert hatten das einst\u00fcndige Konzert Peter Gebhard vom Vorstand \u201e F\u00f6rderung der Bew\u00e4hrungshilfe in Hessen e.V.\u201c in Zusammenarbeit mit Markus Stein von der JVA Fulda. Gut ausgesteuert am Mixer &hellip;<\/p>\n<\/div>","protected":false},"author":1,"featured_media":178184,"comment_status":"closed","ping_status":"closed","sticky":false,"template":"","format":"standard","meta":{"footnotes":""},"categories":[1],"tags":[],"class_list":["post-178183","post","type-post","status-publish","format-standard","has-post-thumbnail","hentry","category-startseite"],"_links":{"self":[{"href":"https:\/\/www.fuldaernachrichten.de\/index.php?rest_route=\/wp\/v2\/posts\/178183","targetHints":{"allow":["GET"]}}],"collection":[{"href":"https:\/\/www.fuldaernachrichten.de\/index.php?rest_route=\/wp\/v2\/posts"}],"about":[{"href":"https:\/\/www.fuldaernachrichten.de\/index.php?rest_route=\/wp\/v2\/types\/post"}],"author":[{"embeddable":true,"href":"https:\/\/www.fuldaernachrichten.de\/index.php?rest_route=\/wp\/v2\/users\/1"}],"replies":[{"embeddable":true,"href":"https:\/\/www.fuldaernachrichten.de\/index.php?rest_route=%2Fwp%2Fv2%2Fcomments&post=178183"}],"version-history":[{"count":1,"href":"https:\/\/www.fuldaernachrichten.de\/index.php?rest_route=\/wp\/v2\/posts\/178183\/revisions"}],"predecessor-version":[{"id":178185,"href":"https:\/\/www.fuldaernachrichten.de\/index.php?rest_route=\/wp\/v2\/posts\/178183\/revisions\/178185"}],"wp:featuredmedia":[{"embeddable":true,"href":"https:\/\/www.fuldaernachrichten.de\/index.php?rest_route=\/wp\/v2\/media\/178184"}],"wp:attachment":[{"href":"https:\/\/www.fuldaernachrichten.de\/index.php?rest_route=%2Fwp%2Fv2%2Fmedia&parent=178183"}],"wp:term":[{"taxonomy":"category","embeddable":true,"href":"https:\/\/www.fuldaernachrichten.de\/index.php?rest_route=%2Fwp%2Fv2%2Fcategories&post=178183"},{"taxonomy":"post_tag","embeddable":true,"href":"https:\/\/www.fuldaernachrichten.de\/index.php?rest_route=%2Fwp%2Fv2%2Ftags&post=178183"}],"curies":[{"name":"wp","href":"https:\/\/api.w.org\/{rel}","templated":true}]}}