{"id":17804,"date":"2008-12-18T08:04:29","date_gmt":"2008-12-18T07:04:29","guid":{"rendered":"http:\/\/www.schoene-nachrichten.de\/?p=17804"},"modified":"2008-12-18T11:05:01","modified_gmt":"2008-12-18T10:05:01","slug":"staatliche-anerkennung-der-foerderberufsschule-startbahn-des-antoniusheims","status":"publish","type":"post","link":"https:\/\/www.fuldaernachrichten.de\/?p=17804","title":{"rendered":"Staatliche Anerkennung der F\u00f6rderberufsschule \u201eStartbahn\u201c des Antoniusheims"},"content":{"rendered":"<p><a title=\"Foto: Max Colin Heydenreich\" rel=\"lightbox[roadtrip]\" href=\"http:\/\/www.schoene-nachrichten.de\/wp-content\/uploads\/2008\/12\/081217_AHeim_030.jpg\" target=\"_blank\"><img decoding=\"async\" src=\"http:\/\/www.schoene-nachrichten.de\/wp-content\/uploads\/2008\/12\/081217_AHeim_030.jpg\" alt=\"081217_AHeim_030.jpg\" width=\"560\" \/><\/a><\/p>\n<p><strong>Fulda.<\/strong> Drei Jahre lang haben Sch\u00fcler und Lehrer auf diesen Moment hingearbeitet und sehns\u00fcchtig erwartet: Am Mittwoch, den 17. Dezember fand die F\u00f6rderberufsschule Startbahn &#8211; hessenweit das erste und einzige Projekt dieser Art &#8211; ihre staatliche Anerkennung. Aus diesem Grund trug der Startbahn-Chor passend zum Anlass das Lied \u201eEs ist f\u00fcr uns eine Zeit angekommen, die bringt uns gro\u00dfe Freud!\u201c vor.<\/p>\n<p><strong>Fotos (32):<\/strong> Max Colin Heydenreich<\/p>\n<p><a title=\"Foto: Max Colin Heydenreich\" rel=\"lightbox[roadtrip]\" href=\"http:\/\/www.schoene-nachrichten.de\/wp-content\/uploads\/2008\/12\/081217_AHeim_001.jpg\" target=\"_blank\"><img decoding=\"async\" src=\"http:\/\/www.schoene-nachrichten.de\/wp-content\/uploads\/2008\/12\/081217_AHeim_001.thumbnail.jpg\" alt=\"081217_AHeim_001.jpg\" width=\"265\" \/><\/a> <a title=\"Foto: Max Colin Heydenreich\" rel=\"lightbox[roadtrip]\" href=\"http:\/\/www.schoene-nachrichten.de\/wp-content\/uploads\/2008\/12\/081217_AHeim_002.jpg\" target=\"_blank\"><img decoding=\"async\" src=\"http:\/\/www.schoene-nachrichten.de\/wp-content\/uploads\/2008\/12\/081217_AHeim_002.thumbnail.jpg\" alt=\"081217_AHeim_002.jpg\" width=\"265\" \/><\/a><\/p>\n<p><!--more-->Hanno Henkel, Schulleiter der Startbahn, griff diese Freude, die bei allen Anwesenden sp\u00fcrbar war, bei der Begr\u00fc\u00dfung der G\u00e4ste auch gleich auf: \u201eDas Projekt Startbahn findet heute nach dreij\u00e4hriger Vorbereitung einen vorl\u00e4ufigen Abschluss. Dies freut uns sehr und macht uns stolz.\u201c Besonders dankte er den drei anwesenden Schulr\u00e4ten, die die Startbahn begleiten und unterst\u00fctzen. Der ehemalige Schulrat Peter Vater trug wesentlich zur Realisierung der Vision einer F\u00f6rderberufsschule bei, die aufgrund der bisherigen L\u00fccke zwischen Sonderschule und Berufswelt entstand.<\/p>\n<p><a title=\"Foto: Max Colin Heydenreich\" rel=\"lightbox[roadtrip]\" href=\"http:\/\/www.schoene-nachrichten.de\/wp-content\/uploads\/2008\/12\/081217_AHeim_003.jpg\" target=\"_blank\"><img decoding=\"async\" src=\"http:\/\/www.schoene-nachrichten.de\/wp-content\/uploads\/2008\/12\/081217_AHeim_003.thumbnail.jpg\" alt=\"081217_AHeim_003.jpg\" width=\"265\" \/><\/a> <a title=\"Foto: Max Colin Heydenreich\" rel=\"lightbox[roadtrip]\" href=\"http:\/\/www.schoene-nachrichten.de\/wp-content\/uploads\/2008\/12\/081217_AHeim_004.jpg\" target=\"_blank\"><img decoding=\"async\" src=\"http:\/\/www.schoene-nachrichten.de\/wp-content\/uploads\/2008\/12\/081217_AHeim_004.thumbnail.jpg\" alt=\"081217_AHeim_004.jpg\" width=\"265\" \/><\/a><\/p>\n<p>Der gegenw\u00e4rtige Schulrat Gerhard Herget brachte anschlie\u00dfend die entscheidenden Schritte in Bewegung. Heute hat die Startbahn, eine Vollzeit-F\u00f6rderberufsschule, sieben Klassen mit 6-8 Sch\u00fclern. Henkel dankte vor allem seinem Team, das engagiert mit zus\u00e4tzlichem Zeit- und Arbeitsaufwand neben dem Unterricht das Gelingen des Projekts erst erm\u00f6glicht hat. \u201eBesonders m\u00f6chte ich unterstreichen, dass die Startbahn Teil eines Netzwerkes ist, das starke Partner wie Perspektiva und Unternehmerengagement braucht, ohne die die Startbahn ins Leere laufen w\u00fcrde.\u201c W\u00e4hrend die Startbahn die Bildungsgarantie liefert, bieten Unternehmer der Region Fulda Praktika und Arbeitspl\u00e4tze. \u201eJedem, der sich bem\u00fcht, steht eine Arbeitsplatzgarantie zu.\u201c Dieses einmalige Netzwerk, zu dem auch die Arbeitsbereiche der Antoniuswerkst\u00e4tten und viele Partnerbetriebe geh\u00f6ren, ist damit Vorzeigeprojekt.<\/p>\n<p><a title=\"Foto: Max Colin Heydenreich\" rel=\"lightbox[roadtrip]\" href=\"http:\/\/www.schoene-nachrichten.de\/wp-content\/uploads\/2008\/12\/081217_AHeim_005.jpg\" target=\"_blank\"><img decoding=\"async\" src=\"http:\/\/www.schoene-nachrichten.de\/wp-content\/uploads\/2008\/12\/081217_AHeim_005.thumbnail.jpg\" alt=\"081217_AHeim_005.jpg\" width=\"265\" \/><\/a> <a title=\"Foto: Max Colin Heydenreich\" rel=\"lightbox[roadtrip]\" href=\"http:\/\/www.schoene-nachrichten.de\/wp-content\/uploads\/2008\/12\/081217_AHeim_006.jpg\" target=\"_blank\"><img decoding=\"async\" src=\"http:\/\/www.schoene-nachrichten.de\/wp-content\/uploads\/2008\/12\/081217_AHeim_006.thumbnail.jpg\" alt=\"081217_AHeim_006.jpg\" width=\"265\" \/><\/a><\/p>\n<p>Dass bei den Sch\u00fclern aber der Spa\u00df an der Arbeit an erster Stelle steht, wurde bei der Pr\u00e4sentation verschiedener Arbeitsbeispiele deutlich. Anhand von Holzarbeiten erkl\u00e4rten die Sch\u00fcler, wie sie den Umgang mit Werkzeugen und Materialien erlernen. Anschaulich zeigten sie, wie man einen Wandteppich filzt oder einen Nistkasten baut. Sandra Lorentz erz\u00e4hlt, dass sie bereits den S\u00e4gef\u00fchrerschein gemacht hat und nun der Bohrerf\u00fchrerschein folgt: \u201eF\u00fcr den S\u00e4gef\u00fchrerschein hat unsere Lehrerin zwei Tage angesetzt, aber wir haben ihn alle in nur einem Tag geschafft\u201c, schlie\u00dft sie stolz.<\/p>\n<p><a title=\"Foto: Max Colin Heydenreich\" rel=\"lightbox[roadtrip]\" href=\"http:\/\/www.schoene-nachrichten.de\/wp-content\/uploads\/2008\/12\/081217_AHeim_007.jpg\" target=\"_blank\"><img decoding=\"async\" src=\"http:\/\/www.schoene-nachrichten.de\/wp-content\/uploads\/2008\/12\/081217_AHeim_007.thumbnail.jpg\" alt=\"081217_AHeim_007.jpg\" width=\"265\" \/><\/a> <a title=\"Foto: Max Colin Heydenreich\" rel=\"lightbox[roadtrip]\" href=\"http:\/\/www.schoene-nachrichten.de\/wp-content\/uploads\/2008\/12\/081217_AHeim_008.jpg\" target=\"_blank\"><img decoding=\"async\" src=\"http:\/\/www.schoene-nachrichten.de\/wp-content\/uploads\/2008\/12\/081217_AHeim_008.thumbnail.jpg\" alt=\"081217_AHeim_008.jpg\" width=\"265\" \/><\/a><\/p>\n<p>Henkel res\u00fcmiert, dass das Konzept funktioniere aufgrund der guten Verzahnung von fachtheoretischem und praktischem Unterricht.<\/p>\n<p>An die Pr\u00e4sentationen schloss sich der eigentliche Akt der Anerkennung an. Gerhard Herget, gegenw\u00e4rtiger Schulrat, \u00fcberreichte die offizielle Urkunde zur Staatlichen Anerkennung an Henkel und Rainer Sippel, Gesch\u00e4ftsf\u00fchrer des Antoniusheims: \u201eEs ist mir eine besondere Freude, Ihnen diese Urkunde \u00fcberreichen zu d\u00fcrfen. Sie ist kein Geschenk, sondern Ergebnis Ihrer Leistung. Ich habe mich von Ihrer Arbeit begeistert und werde diese Eindr\u00fccke mitnehmen.\u201c\u00c2\u00a0 Sippel freute sich: \u201eEs ist ein tolles Gef\u00fchl, nun diese Anerkennung zu haben. Wir m\u00f6chten gern die Bildungsgarantie erf\u00fcllen.\u201c<\/p>\n<p><a title=\"Foto: Max Colin Heydenreich\" rel=\"lightbox[roadtrip]\" href=\"http:\/\/www.schoene-nachrichten.de\/wp-content\/uploads\/2008\/12\/081217_AHeim_009.jpg\" target=\"_blank\"><img decoding=\"async\" src=\"http:\/\/www.schoene-nachrichten.de\/wp-content\/uploads\/2008\/12\/081217_AHeim_009.thumbnail.jpg\" alt=\"081217_AHeim_009.jpg\" width=\"265\" \/><\/a> <a title=\"Foto: Max Colin Heydenreich\" rel=\"lightbox[roadtrip]\" href=\"http:\/\/www.schoene-nachrichten.de\/wp-content\/uploads\/2008\/12\/081217_AHeim_010.jpg\" target=\"_blank\"><img decoding=\"async\" src=\"http:\/\/www.schoene-nachrichten.de\/wp-content\/uploads\/2008\/12\/081217_AHeim_010.thumbnail.jpg\" alt=\"081217_AHeim_010.jpg\" width=\"265\" \/><\/a><\/p>\n<p>Michael Wi\u00dfler, Beiratsvorsitzender von Perspektiva, schloss mit den Worten: \u201eJeder Mensch hat F\u00e4higkeiten. Jeder hat Talente und das Recht auf Arbeit.\u201c<\/p>\n<p>Im n\u00e4chsten Jahr wird Stephan Schmitt als zuk\u00fcnftiger Schulrat die Startbahn weiter begleiten und unterst\u00fctzen: \u201eMein Kompliment an Sch\u00fcler und Lehrer; ich habe mich begeistern lassen!\u201c<\/p>\n<p><a title=\"Foto: Max Colin Heydenreich\" rel=\"lightbox[roadtrip]\" href=\"http:\/\/www.schoene-nachrichten.de\/wp-content\/uploads\/2008\/12\/081217_AHeim_011.jpg\" target=\"_blank\"><img decoding=\"async\" src=\"http:\/\/www.schoene-nachrichten.de\/wp-content\/uploads\/2008\/12\/081217_AHeim_011.thumbnail.jpg\" alt=\"081217_AHeim_011.jpg\" width=\"265\" \/><\/a> <a title=\"Foto: Max Colin Heydenreich\" rel=\"lightbox[roadtrip]\" href=\"http:\/\/www.schoene-nachrichten.de\/wp-content\/uploads\/2008\/12\/081217_AHeim_012.jpg\" target=\"_blank\"><img decoding=\"async\" src=\"http:\/\/www.schoene-nachrichten.de\/wp-content\/uploads\/2008\/12\/081217_AHeim_012.thumbnail.jpg\" alt=\"081217_AHeim_012.jpg\" width=\"265\" \/><\/a><\/p>\n<p><a title=\"Foto: Max Colin Heydenreich\" rel=\"lightbox[roadtrip]\" href=\"http:\/\/www.schoene-nachrichten.de\/wp-content\/uploads\/2008\/12\/081217_AHeim_013.jpg\" target=\"_blank\"><img decoding=\"async\" src=\"http:\/\/www.schoene-nachrichten.de\/wp-content\/uploads\/2008\/12\/081217_AHeim_013.thumbnail.jpg\" alt=\"081217_AHeim_013.jpg\" width=\"265\" \/><\/a> <a title=\"Foto: Max Colin Heydenreich\" rel=\"lightbox[roadtrip]\" href=\"http:\/\/www.schoene-nachrichten.de\/wp-content\/uploads\/2008\/12\/081217_AHeim_014.jpg\" target=\"_blank\"><img decoding=\"async\" src=\"http:\/\/www.schoene-nachrichten.de\/wp-content\/uploads\/2008\/12\/081217_AHeim_014.thumbnail.jpg\" alt=\"081217_AHeim_014.jpg\" width=\"265\" \/><\/a><\/p>\n<p><a title=\"Foto: Max Colin Heydenreich\" rel=\"lightbox[roadtrip]\" href=\"http:\/\/www.schoene-nachrichten.de\/wp-content\/uploads\/2008\/12\/081217_AHeim_015.jpg\" target=\"_blank\"><img decoding=\"async\" src=\"http:\/\/www.schoene-nachrichten.de\/wp-content\/uploads\/2008\/12\/081217_AHeim_015.thumbnail.jpg\" alt=\"081217_AHeim_015.jpg\" width=\"265\" \/><\/a><a title=\"Foto: Max Colin Heydenreich\" rel=\"lightbox[roadtrip]\" href=\"http:\/\/www.schoene-nachrichten.de\/wp-content\/uploads\/2008\/12\/081217_AHeim_016.jpg\" target=\"_blank\"> <img decoding=\"async\" src=\"http:\/\/www.schoene-nachrichten.de\/wp-content\/uploads\/2008\/12\/081217_AHeim_016.thumbnail.jpg\" alt=\"081217_AHeim_016.jpg\" width=\"265\" \/><\/a><\/p>\n<p><a title=\"Foto: Max Colin Heydenreich\" rel=\"lightbox[roadtrip]\" href=\"http:\/\/www.schoene-nachrichten.de\/wp-content\/uploads\/2008\/12\/081217_AHeim_017.jpg\" target=\"_blank\"><img decoding=\"async\" src=\"http:\/\/www.schoene-nachrichten.de\/wp-content\/uploads\/2008\/12\/081217_AHeim_017.thumbnail.jpg\" alt=\"081217_AHeim_017.jpg\" width=\"265\" \/><\/a> <a title=\"Foto: Max Colin Heydenreich\" rel=\"lightbox[roadtrip]\" href=\"http:\/\/www.schoene-nachrichten.de\/wp-content\/uploads\/2008\/12\/081217_AHeim_018.jpg\" target=\"_blank\"><img decoding=\"async\" src=\"http:\/\/www.schoene-nachrichten.de\/wp-content\/uploads\/2008\/12\/081217_AHeim_018.thumbnail.jpg\" alt=\"081217_AHeim_018.jpg\" width=\"265\" \/><\/a><\/p>\n<p><a title=\"Foto: Max Colin Heydenreich\" rel=\"lightbox[roadtrip]\" href=\"http:\/\/www.schoene-nachrichten.de\/wp-content\/uploads\/2008\/12\/081217_AHeim_019.jpg\" target=\"_blank\"><img decoding=\"async\" src=\"http:\/\/www.schoene-nachrichten.de\/wp-content\/uploads\/2008\/12\/081217_AHeim_019.thumbnail.jpg\" alt=\"081217_AHeim_019.jpg\" width=\"265\" \/><\/a> <a title=\"Foto: Max Colin Heydenreich\" rel=\"lightbox[roadtrip]\" href=\"http:\/\/www.schoene-nachrichten.de\/wp-content\/uploads\/2008\/12\/081217_AHeim_020.jpg\" target=\"_blank\"><img decoding=\"async\" src=\"http:\/\/www.schoene-nachrichten.de\/wp-content\/uploads\/2008\/12\/081217_AHeim_020.thumbnail.jpg\" alt=\"081217_AHeim_020.jpg\" width=\"265\" \/><\/a><\/p>\n<p><a title=\"Foto: Max Colin Heydenreich\" rel=\"lightbox[roadtrip]\" href=\"http:\/\/www.schoene-nachrichten.de\/wp-content\/uploads\/2008\/12\/081217_AHeim_021.jpg\" target=\"_blank\"><img decoding=\"async\" src=\"http:\/\/www.schoene-nachrichten.de\/wp-content\/uploads\/2008\/12\/081217_AHeim_021.thumbnail.jpg\" alt=\"081217_AHeim_021.jpg\" width=\"265\" \/> <\/a><a title=\"Foto: Max Colin Heydenreich\" rel=\"lightbox[roadtrip]\" href=\"http:\/\/www.schoene-nachrichten.de\/wp-content\/uploads\/2008\/12\/081217_AHeim_022.jpg\" target=\"_blank\"><img decoding=\"async\" src=\"http:\/\/www.schoene-nachrichten.de\/wp-content\/uploads\/2008\/12\/081217_AHeim_022.thumbnail.jpg\" alt=\"081217_AHeim_022.jpg\" width=\"265\" \/><\/a><\/p>\n<p><a title=\"Foto: Max Colin Heydenreich\" rel=\"lightbox[roadtrip]\" href=\"http:\/\/www.schoene-nachrichten.de\/wp-content\/uploads\/2008\/12\/081217_AHeim_023.jpg\" target=\"_blank\"><img decoding=\"async\" src=\"http:\/\/www.schoene-nachrichten.de\/wp-content\/uploads\/2008\/12\/081217_AHeim_023.thumbnail.jpg\" alt=\"081217_AHeim_023.jpg\" width=\"265\" \/><\/a> <a title=\"Foto: Max Colin Heydenreich\" rel=\"lightbox[roadtrip]\" href=\"http:\/\/www.schoene-nachrichten.de\/wp-content\/uploads\/2008\/12\/081217_AHeim_024.jpg\" target=\"_blank\"><img decoding=\"async\" src=\"http:\/\/www.schoene-nachrichten.de\/wp-content\/uploads\/2008\/12\/081217_AHeim_024.thumbnail.jpg\" alt=\"081217_AHeim_024.jpg\" width=\"265\" \/><\/a><\/p>\n<p><a title=\"Foto: Max Colin Heydenreich\" rel=\"lightbox[roadtrip]\" href=\"http:\/\/www.schoene-nachrichten.de\/wp-content\/uploads\/2008\/12\/081217_AHeim_025.jpg\" target=\"_blank\"><img decoding=\"async\" src=\"http:\/\/www.schoene-nachrichten.de\/wp-content\/uploads\/2008\/12\/081217_AHeim_025.thumbnail.jpg\" alt=\"081217_AHeim_025.jpg\" width=\"265\" \/><\/a> <a title=\"Foto: Max Colin Heydenreich\" rel=\"lightbox[roadtrip]\" href=\"http:\/\/www.schoene-nachrichten.de\/wp-content\/uploads\/2008\/12\/081217_AHeim_026.jpg\" target=\"_blank\"><img decoding=\"async\" src=\"http:\/\/www.schoene-nachrichten.de\/wp-content\/uploads\/2008\/12\/081217_AHeim_026.thumbnail.jpg\" alt=\"081217_AHeim_026.jpg\" width=\"265\" \/><\/a><\/p>\n<p><a title=\"Foto: Max Colin Heydenreich\" rel=\"lightbox[roadtrip]\" href=\"http:\/\/www.schoene-nachrichten.de\/wp-content\/uploads\/2008\/12\/081217_AHeim_027.jpg\" target=\"_blank\"><img decoding=\"async\" src=\"http:\/\/www.schoene-nachrichten.de\/wp-content\/uploads\/2008\/12\/081217_AHeim_027.thumbnail.jpg\" alt=\"081217_AHeim_027.jpg\" width=\"265\" \/> <\/a><a title=\"Foto: Max Colin Heydenreich\" rel=\"lightbox[roadtrip]\" href=\"http:\/\/www.schoene-nachrichten.de\/wp-content\/uploads\/2008\/12\/081217_AHeim_028.jpg\" target=\"_blank\"><img decoding=\"async\" src=\"http:\/\/www.schoene-nachrichten.de\/wp-content\/uploads\/2008\/12\/081217_AHeim_028.thumbnail.jpg\" alt=\"081217_AHeim_028.jpg\" width=\"265\" \/><\/a><\/p>\n<p><a title=\"Foto: Max Colin Heydenreich\" rel=\"lightbox[roadtrip]\" href=\"http:\/\/www.schoene-nachrichten.de\/wp-content\/uploads\/2008\/12\/081217_AHeim_029.jpg\" target=\"_blank\"><img decoding=\"async\" src=\"http:\/\/www.schoene-nachrichten.de\/wp-content\/uploads\/2008\/12\/081217_AHeim_029.thumbnail.jpg\" alt=\"081217_AHeim_029.jpg\" width=\"265\" \/><\/a> <a title=\"Foto: Max Colin Heydenreich\" rel=\"lightbox[roadtrip]\" href=\"http:\/\/www.schoene-nachrichten.de\/wp-content\/uploads\/2008\/12\/081217_AHeim_030.jpg\" target=\"_blank\"><img decoding=\"async\" src=\"http:\/\/www.schoene-nachrichten.de\/wp-content\/uploads\/2008\/12\/081217_AHeim_030.thumbnail.jpg\" alt=\"081217_AHeim_030.jpg\" width=\"265\" \/><\/a><\/p>\n<p><a title=\"Foto: Max Colin Heydenreich\" rel=\"lightbox[roadtrip]\" href=\"http:\/\/www.schoene-nachrichten.de\/wp-content\/uploads\/2008\/12\/081217_AHeim_031.jpg\" target=\"_blank\"><img decoding=\"async\" src=\"http:\/\/www.schoene-nachrichten.de\/wp-content\/uploads\/2008\/12\/081217_AHeim_031.thumbnail.jpg\" alt=\"081217_AHeim_031.jpg\" width=\"265\" \/><\/a> <a title=\"Foto: Max Colin Heydenreich\" rel=\"lightbox[roadtrip]\" href=\"http:\/\/www.schoene-nachrichten.de\/wp-content\/uploads\/2008\/12\/081217_AHeim_032.jpg\" target=\"_blank\"><img decoding=\"async\" src=\"http:\/\/www.schoene-nachrichten.de\/wp-content\/uploads\/2008\/12\/081217_AHeim_032.thumbnail.jpg\" alt=\"081217_AHeim_032.jpg\" width=\"265\" \/><\/a><\/p>\n","protected":false},"excerpt":{"rendered":"<div class=\"tmnf_excerpt\"><p>Fulda. Drei Jahre lang haben Sch\u00fcler und Lehrer auf diesen Moment hingearbeitet und sehns\u00fcchtig erwartet: Am Mittwoch, den 17. Dezember fand die F\u00f6rderberufsschule Startbahn &#8211; hessenweit das erste und einzige Projekt dieser Art &#8211; ihre staatliche Anerkennung. Aus diesem Grund trug der Startbahn-Chor passend zum Anlass das Lied \u201eEs ist f\u00fcr uns eine Zeit angekommen, &hellip;<\/p>\n<\/div>","protected":false},"author":1,"featured_media":0,"comment_status":"closed","ping_status":"closed","sticky":false,"template":"","format":"standard","meta":{"footnotes":""},"categories":[1,54,53,78],"tags":[],"class_list":["post-17804","post","type-post","status-publish","format-standard","hentry","category-startseite","category-bildergalerien","category-bildung","category-topthema"],"_links":{"self":[{"href":"https:\/\/www.fuldaernachrichten.de\/index.php?rest_route=\/wp\/v2\/posts\/17804","targetHints":{"allow":["GET"]}}],"collection":[{"href":"https:\/\/www.fuldaernachrichten.de\/index.php?rest_route=\/wp\/v2\/posts"}],"about":[{"href":"https:\/\/www.fuldaernachrichten.de\/index.php?rest_route=\/wp\/v2\/types\/post"}],"author":[{"embeddable":true,"href":"https:\/\/www.fuldaernachrichten.de\/index.php?rest_route=\/wp\/v2\/users\/1"}],"replies":[{"embeddable":true,"href":"https:\/\/www.fuldaernachrichten.de\/index.php?rest_route=%2Fwp%2Fv2%2Fcomments&post=17804"}],"version-history":[{"count":4,"href":"https:\/\/www.fuldaernachrichten.de\/index.php?rest_route=\/wp\/v2\/posts\/17804\/revisions"}],"predecessor-version":[{"id":17898,"href":"https:\/\/www.fuldaernachrichten.de\/index.php?rest_route=\/wp\/v2\/posts\/17804\/revisions\/17898"}],"wp:attachment":[{"href":"https:\/\/www.fuldaernachrichten.de\/index.php?rest_route=%2Fwp%2Fv2%2Fmedia&parent=17804"}],"wp:term":[{"taxonomy":"category","embeddable":true,"href":"https:\/\/www.fuldaernachrichten.de\/index.php?rest_route=%2Fwp%2Fv2%2Fcategories&post=17804"},{"taxonomy":"post_tag","embeddable":true,"href":"https:\/\/www.fuldaernachrichten.de\/index.php?rest_route=%2Fwp%2Fv2%2Ftags&post=17804"}],"curies":[{"name":"wp","href":"https:\/\/api.w.org\/{rel}","templated":true}]}}