{"id":1774,"date":"2007-02-19T00:04:06","date_gmt":"2007-02-18T23:04:06","guid":{"rendered":"http:\/\/www.schoene-nachrichten.de\/?p=1774"},"modified":"2007-02-19T00:04:06","modified_gmt":"2007-02-18T23:04:06","slug":"foellsch-foll-foell-folsch-oder-voll-falsch","status":"publish","type":"post","link":"https:\/\/www.fuldaernachrichten.de\/?p=1774","title":{"rendered":"F\u00f6llsch Foll, F\u00f6ll Folsch oder voll falsch?"},"content":{"rendered":"<p><strong>Merkw\u00fcrdiges.<\/strong> Den Fuldaer soll einer verstehen. Nicht nur, dass Zugereiste ihre Zeit brauchen, um sich an den eigenwilligen Akkusativ zu gew\u00f6hnen \u2013 nein, dann auch noch dieser Schlachtruf der Karnevalisten. F\u00fcr einen geb\u00fcrtigen D\u00fcsseldorfer w\u00e4re \u201ehelau\u201c perfekt gewesen, weil einfach zu merken. Doch wie ich feststellen musste, scheinen selbst die Ureinwohner ihre Schwierigkeiten mit dem Fastnachtsruf zu haben. \u201eF\u00f6ll Folsch\u201c war auf einer Tafel vor dem Cafe Thiele zu lesen. Und ich h\u00e4tte geschworen, es hei\u00dft \u201eF\u00f6llsch Foll\u201c. Oder liege ich da jetzt voll falsch?<\/p>\n<p><strong>Fotos:<\/strong> Max Colin Heydenreich<\/p>\n<p><a target=\"_blank\" href=\"http:\/\/www.schoene-nachrichten.de\/wp-content\/uploads\/2007\/02\/070219_thiele_2.jpg\" title=\"Fotos: Max Colin Heydenreich\"><img decoding=\"async\" src=\"http:\/\/www.schoene-nachrichten.de\/wp-content\/uploads\/2007\/02\/070219_thiele_2.thumbnail.jpg\" alt=\"070219_thiele_2.jpg\" \/><\/a>\u00c2\u00a0<a target=\"_blank\" href=\"http:\/\/www.schoene-nachrichten.de\/wp-content\/uploads\/2007\/02\/070219_thiele_1.jpg\" title=\"Fotos: Max Colin Heydenreich\"><img decoding=\"async\" src=\"http:\/\/www.schoene-nachrichten.de\/wp-content\/uploads\/2007\/02\/070219_thiele_1.thumbnail.jpg\" alt=\"070219_thiele_1.jpg\" \/><\/a>\u00c2\u00a0<a target=\"_blank\" href=\"http:\/\/www.schoene-nachrichten.de\/wp-content\/uploads\/2007\/02\/070219_thiele_3.jpg\" title=\"Fotos: Max Colin Heydenreich\"><img decoding=\"async\" src=\"http:\/\/www.schoene-nachrichten.de\/wp-content\/uploads\/2007\/02\/070219_thiele_3.thumbnail.jpg\" alt=\"070219_thiele_3.jpg\" \/><\/a><\/p>\n","protected":false},"excerpt":{"rendered":"<div class=\"tmnf_excerpt\"><p>Merkw\u00fcrdiges. Den Fuldaer soll einer verstehen. Nicht nur, dass Zugereiste ihre Zeit brauchen, um sich an den eigenwilligen Akkusativ zu gew\u00f6hnen \u2013 nein, dann auch noch dieser Schlachtruf der Karnevalisten. F\u00fcr einen geb\u00fcrtigen D\u00fcsseldorfer w\u00e4re \u201ehelau\u201c perfekt gewesen, weil einfach zu merken. Doch wie ich feststellen musste, scheinen selbst die Ureinwohner ihre Schwierigkeiten mit dem &hellip;<\/p>\n<\/div>","protected":false},"author":1,"featured_media":0,"comment_status":"closed","ping_status":"closed","sticky":false,"template":"","format":"standard","meta":{"footnotes":""},"categories":[1],"tags":[],"class_list":["post-1774","post","type-post","status-publish","format-standard","hentry","category-startseite"],"_links":{"self":[{"href":"https:\/\/www.fuldaernachrichten.de\/index.php?rest_route=\/wp\/v2\/posts\/1774","targetHints":{"allow":["GET"]}}],"collection":[{"href":"https:\/\/www.fuldaernachrichten.de\/index.php?rest_route=\/wp\/v2\/posts"}],"about":[{"href":"https:\/\/www.fuldaernachrichten.de\/index.php?rest_route=\/wp\/v2\/types\/post"}],"author":[{"embeddable":true,"href":"https:\/\/www.fuldaernachrichten.de\/index.php?rest_route=\/wp\/v2\/users\/1"}],"replies":[{"embeddable":true,"href":"https:\/\/www.fuldaernachrichten.de\/index.php?rest_route=%2Fwp%2Fv2%2Fcomments&post=1774"}],"version-history":[{"count":0,"href":"https:\/\/www.fuldaernachrichten.de\/index.php?rest_route=\/wp\/v2\/posts\/1774\/revisions"}],"wp:attachment":[{"href":"https:\/\/www.fuldaernachrichten.de\/index.php?rest_route=%2Fwp%2Fv2%2Fmedia&parent=1774"}],"wp:term":[{"taxonomy":"category","embeddable":true,"href":"https:\/\/www.fuldaernachrichten.de\/index.php?rest_route=%2Fwp%2Fv2%2Fcategories&post=1774"},{"taxonomy":"post_tag","embeddable":true,"href":"https:\/\/www.fuldaernachrichten.de\/index.php?rest_route=%2Fwp%2Fv2%2Ftags&post=1774"}],"curies":[{"name":"wp","href":"https:\/\/api.w.org\/{rel}","templated":true}]}}