{"id":1771,"date":"2007-02-19T00:00:48","date_gmt":"2007-02-18T23:00:48","guid":{"rendered":"http:\/\/www.schoene-nachrichten.de\/?p=1771"},"modified":"2007-02-19T00:12:24","modified_gmt":"2007-02-18T23:12:24","slug":"kein-schnee-aber-karneval-ein-australier-verlaesst-fulda","status":"publish","type":"post","link":"https:\/\/www.fuldaernachrichten.de\/?p=1771","title":{"rendered":"Kein Schnee, aber Karneval &#8211; Ein Australier verl\u00e4sst Fulda"},"content":{"rendered":"<p><strong>Schon in der FZ gelesen?<\/strong> Der 19-j\u00e4hrige Abir Ahmed verabschiedet sich in dieser Woche mit einem lachenden und einem weinenden Auge aus Fulda. Am Samstag fliegt der Australier zur\u00fcck in seine Heimatstadt Melbourne. Ein knappes halbes Jahr war der angehende Jura\/Deutsch-Student Praktikant in der Kinderakademie.<\/p>\n<p><strong>Foto:<\/strong> Max Colin Heydenreich<\/p>\n<p><a target=\"_blank\" href=\"http:\/\/www.schoene-nachrichten.de\/wp-content\/uploads\/2007\/02\/070219_fz_ll_1.jpg\" title=\"Foto: Max Colin Heydenreich\"><img decoding=\"async\" src=\"http:\/\/www.schoene-nachrichten.de\/wp-content\/uploads\/2007\/02\/070219_fz_ll_1.thumbnail.jpg\" alt=\"070219_fz_ll_1.jpg\" \/><\/a><\/p>\n<p><!--more-->Er verl\u00e4sst unser Land als Fan \u2013 begeistert von der deutschen Kultur, der Mentalit\u00e4t und des, wie er sagt: \u201eeinzigartigen Humors\u201c. Obwohl er Familie und Freunde manchmal vermisst hat, w\u00e4re er gern noch l\u00e4nger geblieben. Auch weil sein gr\u00f6\u00dfter Wunsch nicht in Erf\u00fcllung gegangen ist: \u201eEin tief verschneites Fulda w\u00e4re sch\u00f6n gewesen\u201c, sagt Abir, der in Australien von der wei\u00dfen Pracht nur tr\u00e4umen kann.<\/p>\n<p>Daf\u00fcr erwartet ihn in dieser Woche noch ein echtes Highlight: Karneval in K\u00f6ln und D\u00fcsseldorf. Und weil der junge Mann so talentiert ist, spricht er nicht nur perfekt deutsch, sondern auch K\u00f6lner Dialekt. Der H\u00f6hner-Klassiker \u201eViva colonia\u201c sitzt jedenfalls bombensicher.<\/p>\n<p><em>&#8220;Leute, Leute&#8221; hei\u00dft die neue Rubrik im Lokalteil der Fuldaer Zeitung. Regelm\u00e4\u00dfig, aber an keinen festen Tag gebunden, werden Geschichten \u00fcber Menschen aus der Region dort erscheinen.\u00c2\u00a0Wenn auch Sie eine sch\u00f6ne Geschichte zu erz\u00e4hlen haben, schreiben Sie an die Fuldaer Zeitung (<\/em><a href=\"mailto:lokales@fuldaerzeitung.de\"><em>lokales@fuldaerzeitung.de<\/em><\/a><em>) oder an unsere Redaktion (<\/em><a href=\"mailto:redaktion@schoene-nachrichten.de\"><em>redaktion@schoene-nachrichten.de<\/em><\/a><em>).<\/em><\/p>\n","protected":false},"excerpt":{"rendered":"<div class=\"tmnf_excerpt\"><p>Schon in der FZ gelesen? Der 19-j\u00e4hrige Abir Ahmed verabschiedet sich in dieser Woche mit einem lachenden und einem weinenden Auge aus Fulda. Am Samstag fliegt der Australier zur\u00fcck in seine Heimatstadt Melbourne. Ein knappes halbes Jahr war der angehende Jura\/Deutsch-Student Praktikant in der Kinderakademie. Foto: Max Colin Heydenreich<\/p>\n<\/div>","protected":false},"author":1,"featured_media":0,"comment_status":"closed","ping_status":"closed","sticky":false,"template":"","format":"standard","meta":{"footnotes":""},"categories":[1],"tags":[],"class_list":["post-1771","post","type-post","status-publish","format-standard","hentry","category-startseite"],"_links":{"self":[{"href":"https:\/\/www.fuldaernachrichten.de\/index.php?rest_route=\/wp\/v2\/posts\/1771","targetHints":{"allow":["GET"]}}],"collection":[{"href":"https:\/\/www.fuldaernachrichten.de\/index.php?rest_route=\/wp\/v2\/posts"}],"about":[{"href":"https:\/\/www.fuldaernachrichten.de\/index.php?rest_route=\/wp\/v2\/types\/post"}],"author":[{"embeddable":true,"href":"https:\/\/www.fuldaernachrichten.de\/index.php?rest_route=\/wp\/v2\/users\/1"}],"replies":[{"embeddable":true,"href":"https:\/\/www.fuldaernachrichten.de\/index.php?rest_route=%2Fwp%2Fv2%2Fcomments&post=1771"}],"version-history":[{"count":0,"href":"https:\/\/www.fuldaernachrichten.de\/index.php?rest_route=\/wp\/v2\/posts\/1771\/revisions"}],"wp:attachment":[{"href":"https:\/\/www.fuldaernachrichten.de\/index.php?rest_route=%2Fwp%2Fv2%2Fmedia&parent=1771"}],"wp:term":[{"taxonomy":"category","embeddable":true,"href":"https:\/\/www.fuldaernachrichten.de\/index.php?rest_route=%2Fwp%2Fv2%2Fcategories&post=1771"},{"taxonomy":"post_tag","embeddable":true,"href":"https:\/\/www.fuldaernachrichten.de\/index.php?rest_route=%2Fwp%2Fv2%2Ftags&post=1771"}],"curies":[{"name":"wp","href":"https:\/\/api.w.org\/{rel}","templated":true}]}}