{"id":17684,"date":"2008-12-17T07:34:08","date_gmt":"2008-12-17T06:34:08","guid":{"rendered":"http:\/\/www.schoene-nachrichten.de\/?p=17684"},"modified":"2008-12-17T08:39:42","modified_gmt":"2008-12-17T07:39:42","slug":"50-jahre-ferienwandern-von-land-zu-land","status":"publish","type":"post","link":"https:\/\/www.fuldaernachrichten.de\/?p=17684","title":{"rendered":"50 Jahre \u201eFerienwandern von Land zu Land &#8230;\u201c"},"content":{"rendered":"<p><a rel=\"lightbox[roadtrip]\" href=\"http:\/\/www.schoene-nachrichten.de\/wp-content\/uploads\/2008\/12\/081216-magazin.jpg\" target=\"_blank\"><img fetchpriority=\"high\" decoding=\"async\" class=\"alignnone size-thumbnail wp-image-17685\" title=\"081216-magazin\" src=\"http:\/\/www.schoene-nachrichten.de\/wp-content\/uploads\/2008\/12\/081216-magazin-265x375.jpg\" alt=\"081216-magazin\" hspace=\"5\" width=\"265\" height=\"375\" align=\"left\" srcset=\"https:\/\/www.fuldaernachrichten.de\/wp-content\/uploads\/2008\/12\/081216-magazin-265x375.jpg 265w, https:\/\/www.fuldaernachrichten.de\/wp-content\/uploads\/2008\/12\/081216-magazin.jpg 424w\" sizes=\"(max-width: 265px) 100vw, 265px\" \/><\/a><strong>Wildflecken\/Rh\u00f6n.<\/strong> In dem ersten Jahrzehnt nach dem zweiten Weltkrieg hatte die Nachkriegsgeneration eine neue Heimat gefunden oder die alte wieder aufgebaut. Neue Freundschaften hatten sich entwickelt \u2013 an der Arbeitsstelle, in der Nachbarschaft, im Verein. Die Gewerkschaften riefen \u201eAm Samstag geh\u00f6rt Vati uns\u201c, und erreichten damit die F\u00fcnf-Tage-Woche. NSU brachte mit dem \u201ePrinz\u201c in Neckarsulm ein flottes Familienauto auf den Markt.<!--more--><\/p>\n<p><strong>Verteidigung der Natur<\/strong><\/p>\n<p>Unsere Wandervereine beobachteten das hellwach, forderten von der Politik Oasen der Ruhe, dazu Wanderparkpl\u00e4tze und Fu\u00df- und Radwege parallel zu den st\u00e4rker belebten Autostra\u00dfen. Der Dachverband der Deutschen Gebirgs- und Wandervereine meldete sich h\u00e4ufig und kr\u00e4ftig politisch zu Wort und setzte vor allem im Naturschutz manches durch; gegen den ADAC rettete er bayerische Alleeb\u00e4ume und lie\u00df in einem Wettbewerb ein spezielles Verkehrszeichen f\u00fcr Wanderparkpl\u00e4tze ausloben, das jetzt, 50 Jahre sp\u00e4ter, gegen B\u00fcrokraten verteidigt werden muss.<\/p>\n<p>Verbandspr\u00e4sident Dr. Georg Fahrbach (1903-1976), der unerm\u00fcdliche K\u00e4mpfer f\u00fcr die Pflege von Natur, Kultur und Wandern auf allen Ebenen, setzte Ma\u00dfst\u00e4be: Besonders attraktive mehrt\u00e4gige Wanderprogramme der Vereine wurden erstmals 1958 ausgew\u00e4hlt und in einer noch bescheidenen Schrift zusammengestellt. \u201eDie Menschen erholen sich am besten beim Wandern\u201c und \u201eder Fu\u00dfweg ist die billigste Arznei, die der Arzt seinem Patienten verordnen kann\u201c waren Fahrbachs Devise.<\/p>\n<p><strong>Das war der Anfang:<\/strong> Als hektographiertes Rundschreiben wurden die ersten zw\u00f6lf Ferienwanderungen publiziert. Drei Jahre sp\u00e4ter wurde f\u00fcr zwanzig Touren bei allen Verbandsvereinen geworben. Meist waren die 20 oder 30 Teilnehmerpl\u00e4tze schon nach wenigen Wochen belegt.<\/p>\n<p>Ab 1971 gab es das erste gedruckte Heftchen im A5-Format unter dem neuen Titel \u201eFerienwanderungen in den europ\u00e4ischen Mittelgebirgen\u201c. \u00dcber die Europ\u00e4ische Wandervereinigung EWV (1969 gegr\u00fcndet) kamen Vorschl\u00e4ge aus der Schweiz, aus Frankreich, \u00d6sterreich, D\u00e4nemark \u2013 sogar aus Finnland hinzu. Von 27 Verbandsvereinen waren 70 Vorschl\u00e4ge ausgew\u00e4hlt worden. Schon jetzt stieg die Zahl der Bezieher in die Tausende! Die Zahl der festen Bezieher w\u00e4chst seitdem Jahr f\u00fcr Jahr.<\/p>\n<p>Viele Redaktionen von Tageszeitungen, Magazinen und im Radio wurden dank dieser attraktiven Angebote jetzt auf die Wandervereine und deren Initiativen aufmerksam. 250 und mehr Termine wurden regional gegliedert.Die Auflage lag jetzt schon bei 20.000 Exemplaren f\u00fcr die Abonnenten und f\u00fcr alle 2.600 Ortsgruppen der Verbandsvereine.<\/p>\n<p><strong>Ferienwandern in Deutschland und Europa<\/strong><\/p>\n<p>Heiner Weidner (damals Verbands-Fachwart f\u00fcr \u00d6ffentlichkeitsarbeit und Autor dieses R\u00fcckblicks) entwarf mit dem Verbandsvorstand die Magazinform f\u00fcr \u201eFerienwandern in Deutschland und Europa\u201c, wie sie bis heute weiterentwickelt werden konnte. Jetzt war es m\u00f6glich, sich den Bed\u00fcrfnissen des Tourismusgewerbes zu \u00f6ffnen. Seit nunmehr zehn Jahren ist die wesentlich umfangreichere Arbeit bei den Mitarbeiterinnen und Mitarbeitern der Kasseler Verbandsgesch\u00e4ftsstelle in guten H\u00e4nden. Das heutige Magazin, das mit einhundert Seiten das umfassendste und vielseitigste neutrale Angebot auf dem Markt darstellt, ist l\u00e4ngst zu einer festen Institution und zu einer f\u00fchrenden Marke im weiten Feld der organisierten Ferienwanderungen geworden. Immer neue Anbieter kommen hinzu. Aber gerade auch altbekannte Wanderf\u00fchrer bleiben dem Heft treu \u2013 manche \u00fcber Jahrzehnte. Das weite Feld, das sich hier guten Wanderf\u00fchrern und aktiven Vereinen bietet, ist noch l\u00e4ngst nicht ausgesch\u00f6pft. Die Verbands-Marke \u201eFerienwandern\u201c steht auf festen Beinen! Was von guten Wanderern auch gar nicht anders zu erwarten ist&#8230;<\/p>\n<p><em>Heiner Weidner<\/em><\/p>\n","protected":false},"excerpt":{"rendered":"<div class=\"tmnf_excerpt\"><p>Wildflecken\/Rh\u00f6n. In dem ersten Jahrzehnt nach dem zweiten Weltkrieg hatte die Nachkriegsgeneration eine neue Heimat gefunden oder die alte wieder aufgebaut. Neue Freundschaften hatten sich entwickelt \u2013 an der Arbeitsstelle, in der Nachbarschaft, im Verein. Die Gewerkschaften riefen \u201eAm Samstag geh\u00f6rt Vati uns\u201c, und erreichten damit die F\u00fcnf-Tage-Woche. NSU brachte mit dem \u201ePrinz\u201c in Neckarsulm &hellip;<\/p>\n<\/div>","protected":false},"author":1,"featured_media":0,"comment_status":"closed","ping_status":"closed","sticky":false,"template":"","format":"standard","meta":{"footnotes":""},"categories":[1,52],"tags":[],"class_list":["post-17684","post","type-post","status-publish","format-standard","hentry","category-startseite","category-umwelt"],"_links":{"self":[{"href":"https:\/\/www.fuldaernachrichten.de\/index.php?rest_route=\/wp\/v2\/posts\/17684","targetHints":{"allow":["GET"]}}],"collection":[{"href":"https:\/\/www.fuldaernachrichten.de\/index.php?rest_route=\/wp\/v2\/posts"}],"about":[{"href":"https:\/\/www.fuldaernachrichten.de\/index.php?rest_route=\/wp\/v2\/types\/post"}],"author":[{"embeddable":true,"href":"https:\/\/www.fuldaernachrichten.de\/index.php?rest_route=\/wp\/v2\/users\/1"}],"replies":[{"embeddable":true,"href":"https:\/\/www.fuldaernachrichten.de\/index.php?rest_route=%2Fwp%2Fv2%2Fcomments&post=17684"}],"version-history":[{"count":3,"href":"https:\/\/www.fuldaernachrichten.de\/index.php?rest_route=\/wp\/v2\/posts\/17684\/revisions"}],"predecessor-version":[{"id":17715,"href":"https:\/\/www.fuldaernachrichten.de\/index.php?rest_route=\/wp\/v2\/posts\/17684\/revisions\/17715"}],"wp:attachment":[{"href":"https:\/\/www.fuldaernachrichten.de\/index.php?rest_route=%2Fwp%2Fv2%2Fmedia&parent=17684"}],"wp:term":[{"taxonomy":"category","embeddable":true,"href":"https:\/\/www.fuldaernachrichten.de\/index.php?rest_route=%2Fwp%2Fv2%2Fcategories&post=17684"},{"taxonomy":"post_tag","embeddable":true,"href":"https:\/\/www.fuldaernachrichten.de\/index.php?rest_route=%2Fwp%2Fv2%2Ftags&post=17684"}],"curies":[{"name":"wp","href":"https:\/\/api.w.org\/{rel}","templated":true}]}}