{"id":176839,"date":"2018-11-19T08:57:08","date_gmt":"2018-11-19T07:57:08","guid":{"rendered":"http:\/\/www.fuldaer-nachrichten.de\/?p=176839"},"modified":"2018-11-19T08:57:08","modified_gmt":"2018-11-19T07:57:08","slug":"wir-beantworten-ihre-fragen-telefonaktion-des-klinikums-fulda-zur-bundesweiten-herzwoche-herz-ausser-takt-vorhofflimmern-und-gerinnungshemmung","status":"publish","type":"post","link":"https:\/\/www.fuldaernachrichten.de\/?p=176839","title":{"rendered":"Wir beantworten Ihre Fragen Telefonaktion des Klinikums Fulda zur bundesweiten Herzwoche  \u201cHerz au\u00dfer Takt &#8211; Vorhofflimmern und Gerinnungshemmung\u201c"},"content":{"rendered":"<p>Gemeinsam mit niedergelassenen \u00c4rzten stehen Experten des Klinikums Fulda am 21.11.2018, von 16.30 bis 18.30 Uhr Rede und Antwort. Anl\u00e4sslich der bundesweiten Herzwoche der Deutschen Herzstiftung beantworten die Experten unter der Telefon-Nummer (0661) 84-6788 Fragen rund um das Thema \u201eHerz au\u00dfer Takt &#8211; Vorhofflimmern und Gerinnungshemmung\u201c.<\/p>\n<p>Das Vorhofflimmern ist nicht nur die am h\u00e4ufigste Form der Herzrhythmusst\u00f6rung Es ist au\u00dferdem die h\u00e4ufigste Ursache f\u00fcr einen Schlaganfall. Das Herz besteht bekanntlich aus zwei Kammern und zwei Vorh\u00f6fen. Normalerweise \u201ebeginnt\u201c der Herzschlag mit dem Zusammenziehen (Kontraktion) der Vorh\u00f6fe, die das Blut in die Kammern pumpen. Bei Vorflimmern ziehen sich die Vorh\u00f6fe nicht richtig zusammen, das Blut gelangt verz\u00f6gert in die Kammer. Dadurch kann es zur Bildung von Blutgerinnseln in den Vorh\u00f6fen kommen, die mit dem Blutstrom von dort ins das Gehirn gelangen und lebensgef\u00e4hrliche Gef\u00e4\u00dfverschl\u00fcsse verursachen k\u00f6nnen. Dar\u00fcber hinaus leistet die verminderte Herzfunktion auch anderen Krankheiten Vorschub.<\/p>\n<p>Die Experten des Klinikums Fulda und niedergelassener Praxen beantworten gerne Ihre Fragen: Prof. Dr. Volker Sch\u00e4chinger (Direktor der Medizinischen Klinik I, Kardiologie im Herz-Thorax-Zentrum), Prof. Dr. Hilmar D\u00f6rge (Direktor der Klinik f\u00fcr Herz- und Thoraxchirurgie im Herz-Thorax-Zentrum), Dr. Joachim Krug (Leiter der Elektrophysiologie in der Medizinischen Klinik I im Herz-Thorax-Zentrum), Dr. Wilhelm-Ludwig Wagner (niedergelassener Kardiologe, Fulda) und Michael Conze (niedergelassener Kardiologe, Fulda) sind unter der Telefonnummer (0661) 84-6788 erreichbar.<br \/>\nZiel der bundesweiten Aufkl\u00e4rungskampagne ist es, die breite \u00d6ffentlichkeit f\u00fcr die Ursachen und Gefahren von Herzkrankheiten sowie f\u00fcr die Bedeutung der Vorbeugung, Erkennung und Behandlung zu sensibilisieren.<\/p>\n","protected":false},"excerpt":{"rendered":"<div class=\"tmnf_excerpt\"><p>Gemeinsam mit niedergelassenen \u00c4rzten stehen Experten des Klinikums Fulda am 21.11.2018, von 16.30 bis 18.30 Uhr Rede und Antwort. Anl\u00e4sslich der bundesweiten Herzwoche der Deutschen Herzstiftung beantworten die Experten unter der Telefon-Nummer (0661) 84-6788 Fragen rund um das Thema \u201eHerz au\u00dfer Takt &#8211; Vorhofflimmern und Gerinnungshemmung\u201c. Das Vorhofflimmern ist nicht nur die am h\u00e4ufigste Form &hellip;<\/p>\n<\/div>","protected":false},"author":1,"featured_media":0,"comment_status":"closed","ping_status":"closed","sticky":false,"template":"","format":"standard","meta":{"footnotes":""},"categories":[1],"tags":[],"class_list":["post-176839","post","type-post","status-publish","format-standard","hentry","category-startseite"],"_links":{"self":[{"href":"https:\/\/www.fuldaernachrichten.de\/index.php?rest_route=\/wp\/v2\/posts\/176839","targetHints":{"allow":["GET"]}}],"collection":[{"href":"https:\/\/www.fuldaernachrichten.de\/index.php?rest_route=\/wp\/v2\/posts"}],"about":[{"href":"https:\/\/www.fuldaernachrichten.de\/index.php?rest_route=\/wp\/v2\/types\/post"}],"author":[{"embeddable":true,"href":"https:\/\/www.fuldaernachrichten.de\/index.php?rest_route=\/wp\/v2\/users\/1"}],"replies":[{"embeddable":true,"href":"https:\/\/www.fuldaernachrichten.de\/index.php?rest_route=%2Fwp%2Fv2%2Fcomments&post=176839"}],"version-history":[{"count":1,"href":"https:\/\/www.fuldaernachrichten.de\/index.php?rest_route=\/wp\/v2\/posts\/176839\/revisions"}],"predecessor-version":[{"id":176840,"href":"https:\/\/www.fuldaernachrichten.de\/index.php?rest_route=\/wp\/v2\/posts\/176839\/revisions\/176840"}],"wp:attachment":[{"href":"https:\/\/www.fuldaernachrichten.de\/index.php?rest_route=%2Fwp%2Fv2%2Fmedia&parent=176839"}],"wp:term":[{"taxonomy":"category","embeddable":true,"href":"https:\/\/www.fuldaernachrichten.de\/index.php?rest_route=%2Fwp%2Fv2%2Fcategories&post=176839"},{"taxonomy":"post_tag","embeddable":true,"href":"https:\/\/www.fuldaernachrichten.de\/index.php?rest_route=%2Fwp%2Fv2%2Ftags&post=176839"}],"curies":[{"name":"wp","href":"https:\/\/api.w.org\/{rel}","templated":true}]}}