{"id":176829,"date":"2018-11-19T08:54:23","date_gmt":"2018-11-19T07:54:23","guid":{"rendered":"http:\/\/www.fuldaer-nachrichten.de\/?p=176829"},"modified":"2018-11-19T08:54:23","modified_gmt":"2018-11-19T07:54:23","slug":"klinikum-fulda-ehrung-fuer-verdiente-mitarbeiterinnen-und-mitarbeiter-5","status":"publish","type":"post","link":"https:\/\/www.fuldaernachrichten.de\/?p=176829","title":{"rendered":"Klinikum Fulda: Ehrung f\u00fcr verdiente Mitarbeiterinnen und Mitarbeiter"},"content":{"rendered":"<p>Langj\u00e4hrige Mitarbeiterinnen und Mitarbeiter des Klinikums Fulda wurden im Rahmen der feierlichen Jubilar-Veranstaltung geehrt und ausgezeichnet. 7 Mitarbeiterinnen und Mitarbeiter feiern ihr 40-j\u00e4hriges und 14 ihr 25-j\u00e4hriges Jubil\u00e4um im \u00f6ffentlichen Dienst. 17 Mitarbeiterinnen und Mitarbeiter wurden in den Ruhestand verabschiedet.<\/p>\n<p>\u201eWir m\u00f6chten Ihnen heute unsere Anerkennung und Dankbarkeit aussprechen\u201c, sagte Priv.-Doz. Dr. Thomas Menzel, Vorstandssprecher des Klinikums Fulda, auch im Namen seines Vorstandskollegen Andr\u00e9 Eydt, vor den zahlreich erschienenen Jubilaren, den Mitarbeiterinnen und Mitarbeitern sowie allen G\u00e4sten. \u201eDa es heutzutage nicht mehr die Regel ist, dass Mitarbeiterinnen und Mitarbeiter so lange einem Unternehmen die Treue halten, freuen wir uns sehr, heute mit Ihnen zusammen Ihr 25j\u00e4hriges oder sogar Ihr 40j\u00e4hriges Dienstjubil\u00e4um zu feiern\u201c, so Dr. Menzel weiter. \u201eSeit der Gr\u00fcndung unseres Hauses hat sich nichts ge\u00e4ndert: Ihr Engagement, Ihre Arbeitsleistung, Ihr nicht gerade unerheblicher Anteil Ihrer Lebenszeit den Sie hier am Klinikum verbringen, macht aus unserem Krankenhaus erst das was es ist\u201c, betonte der Vorstandsprecher weiter.<\/p>\n<p>F\u00fcr den Betriebsrat gratulierte Michael Zimmer, stellvertretender Betriebsratsvorsitzender, auch im Namen des gesamten Betriebsrats und stellte hervor, wie wichtig die langj\u00e4hrige Erfahrung, das Wissen und die Kompetenz der Besch\u00e4ftigten insbesondere im Krankenhaus seien, um die t\u00e4glichen Herausforderungen zu bew\u00e4ltigen.<\/p>\n<p>Anschlie\u00dfend an die Gru\u00dfworte stellte Dr. Menzel jeden der zu Ehrenden pers\u00f6nlich vor und fasste den jeweiligen beruflichen Lebenslauf im Unternehmen zusammen. Gemeinsam mit der Personalleiterin Anna Laetitia Dvo\u00c5\u2122\u00e1k-Siebenh\u00fcner wurden allen Jubilaren sowie Ruhest\u00e4ndlern als Zeichen des Dankes und der Verbundenheit Urkunden und Pr\u00e4sente \u00fcberreicht.<\/p>\n<p>F\u00fcr ihr 40-J\u00e4hriges Dienstjubil\u00e4um wurden geehrt:<\/p>\n<p>Regina Bail war ab 1978 als Kinderkrankenschwester in der Kinderklinik am Klinikum Fulda t\u00e4tig und wechselte 2011 auf die Station 5C der Klinik f\u00fcr Psychosomatische Medizin und Psychotherapie, auf der sie bis heute t\u00e4tig ist.<\/p>\n<p>Waltraud Batzdorf hat 1974 mit einem Praktikum im Klinikum Fulda begonnen, absolvierte im Anschluss von 1975 bis 1978 die Ausbildung zur Krankenschwester und wurde anschlie\u00dfend auf der Intensiv-Therapie-Station (ITS) \u00fcbernommen.<\/p>\n<p>Doris Harter ist seit 1978 als Arzthelferin im Institut f\u00fcr Laboratoriumsmedizin t\u00e4tig.<\/p>\n<p>Gerda Herbert war von 1977 bis 1978 als Hebamme im Stadtkrankenhaus Hanau und wechselte daraufhin ins Klinikum Fulda, wo sie von 1978 bis 1984 und von April bis September 1986 als Hebamme t\u00e4tig war. 1987 bis 1989 war sie als Aushilfe besch\u00e4ftigt und arbeitet seit 1989 wieder als Hebamme im Krei\u00dfsaal des Klinikums Fulda.<\/p>\n<p>Barbara Hillenbrand arbeitete von 1978 bis 1989 als Krankenschwester im Universit\u00e4tsklinikum W\u00fcrzburg, wechselte 1989 auf die Station 2A Wach im Klinikum Fulda und ist derzeit auf Station 2C eingesetzt.<\/p>\n<p>Jutta Rei\u00df absolvierte 1975 bis 1978 die Ausbildung als Krankenschwester im Klinikum Fulda und wurde im Anschluss auf der Station 4A \u00fcbernommen, auf der sie bis heute t\u00e4tig ist. 1989 bis M\u00e4rz 2018 hatte sie die Position als stellvertretende Stationsleitung inne.<\/p>\n<p>Georg Vollmer arbeitete 1978 bis 1985 als Fachkrankenpfleger beim Landeswohlfahrtsverband (LWV) Hessen im psychiatrischen Krankenhaus in Marburg, war im Anschluss bis 1990 als Fachkrankenpfleger beim LWV in der psychiatrischen Tagesklinik im Klinikum Fulda t\u00e4tig und ist seit 1991 als Fachkrankenpfleger in psychiatrischen Tagesklinik der Klinik f\u00fcr Psychiatrie und Psychotherapie im Klinikum Fulda angestellt. Herr Vollmer wurde im Zuge seines 40-j\u00e4hrigen Dienstjubil\u00e4ums auch in den Ruhestand verabschiedet.<\/p>\n<p>F\u00fcr ihr 25-J\u00e4hriges Dienstjubil\u00e4um wurden geehrt:<\/p>\n<p>Hildegard Biel hat 1993 als Sekret\u00e4rin der Klinik f\u00fcr Psychiatrie und Psychotherapie im Klinikum Fulda gearbeitet und wechselte 2000 in das Sekretariat des Instituts f\u00fcr Pathologie, wo sie bis heute t\u00e4tig ist.<\/p>\n<p>Markus Eichenberg war von 1993 bis 2001 in der Debitorenbuchhaltung t\u00e4tig und arbeitet seit 2001 als Controller im Bereich Finanzen und Controlling des Klinikums Fulda.<\/p>\n<p>Alexandra Kaldenbach-Majewski hat 1993 ihre Ausbildung als Krankenschwester im Klinikum Fulda absolviert und wurde anschlie\u00dfend auf der Station 2A \u00fcbernommen, wo sie bis heute t\u00e4tig ist.<\/p>\n<p>Katharina Karkus arbeitet seit 1993 als Krankengymnastin in der Physikalischen Therapie.<\/p>\n<p>Michael Seelig ist seit 1993 als Medizin-Technische Assistentin Radiologie (MTRA) in der Klinik f\u00fcr Diagnostische und Interventionelle Radiologie t\u00e4tig.<\/p>\n<p>Diana Seifert absolvierte 1933 ihre Ausbildung zur B\u00fcrokauffrau im Klinikum Fulda, wurde anschlie\u00dfend in der Klinik f\u00fcr Diagnostische und Interventionelle Radiologie \u00fcbernommen und war dort f\u00fcr die Leistungsabrechnung zust\u00e4ndig. Im Jahr 2000 wechselte Frau Seifert in die Klinik f\u00fcr Diagnostische und Interventionelle Neuroradiologie, in der sie bis heute die Stelle als Chefarztsekret\u00e4rin inne hat.<\/p>\n<p>Tatjana Sorg-R\u00f6her begann 1933 als Medizinische Fachangestellte in der Klinik f\u00fcr Diagnostische und Interventionelle Radiologie im Klinikum Fulda, wechselte 2001 in die Klinik f\u00fcr Diagnostische und Therapeutische Nuklearmedizin und kehrte 2017 in die Klinik f\u00fcr Diagnostische und Interventionelle Radiologie zur\u00fcck.<\/p>\n<p>Manuela Steube absolvierte 1993 ihre Ausbildung zur Medizin-Technische Assistentin Radiologie (MTRA) im Klinikum Fulda und wurde nach erfolgreichem Abschluss in der Klinik f\u00fcr Diagnostische und Interventionelle Neuroradiologie \u00fcbernommen, in der sie bis heute t\u00e4tig ist.<\/p>\n<p>Nicole Sturm begann 1990 ihre berufliche Laufbahn als Praktikantin im Institut f\u00fcr Pathologie im Klinikum Fulda, absolvierte von 1991 bis 1993 die Ausbildung zur Medizin-Technische Assistentin Labor (MTLA) und wurde im Anschluss im Institut f\u00fcr Pathologie \u00fcbernommen. 2011 \u00fcbernahm sie die kommissarische Leitung des Eingangslabors und hat seit 2012 die Position als Leitende MTLA im Institut f\u00fcr Pathologie inne.<\/p>\n<p>Manuela Tomsche hat 1993 als Arzthelferin in der Klinik f\u00fcr Orthop\u00e4die und Unfallchirurgie im Klinikum Fulda begonnen und ist dort seit 2005 als Chefarztsekret\u00e4rin t\u00e4tig.<\/p>\n<p>Alice Weber arbeitet seit 1993 als K\u00fcchenhilfe in der K\u00fcche des Klinikums Fulda.<\/p>\n<p>Brigitte Wessolly ist seit 1993 als K\u00fcchenhilfe in der K\u00fcche des Klinikums Fulda t\u00e4tig und hat zudem seit 2002 die Position als Vorarbeiterin in der Abendschicht inne.<\/p>\n<p>Sabine Weyh begann 1993 als Hebamme im Krei\u00dfsaal auf der Station 8A, wurde dort 1998 stellvertretende Leitende Hebamme und ist seit 2011 Leitende Hebamme des Krei\u00dfsaals.<\/p>\n<p>Helga Wingenfeld hat von 1991 bis 1993 die Ausbildung zur Medizin-Technische Assistentin Radiologie (MTRA) erfolgreich absolviert und wurde im Anschluss als MTRA in der Klinik f\u00fcr Diagnostische und Interventionelle Radiologie \u00fcbernommen, in der sie bis heute t\u00e4tig ist.<\/p>\n<p>In den Ruhestand wurde verabschiedet:<\/p>\n<p>G\u00fcnter Albrecht (Elektrotechniker in der Technik\/Starkstromwerkstatt), Ingrid Askari-Mothlagh (Krankenschwester auf der Station 2 Nord), Wiebke Bengtsson (Krankenschwester in der Tagesklinik der Klinik f\u00fcr Psychiatrie und Psychotherapie), Bettina Frank (Krankenschwester in der Rufzentrale), Christel Hedrich (Lehrerin f\u00fcr Pflegeberufe und Entbindungspflege in der Krankenpflegeschule), Gerlinde Hess (stellvertretende Stationsleitung auf der Station 2A), Maria Huck-T\u00f6llner (Krankenschwester auf der Station 8B), Gabriele Kirchner-Bernhard (Kinderkrankenschwester auf der Station H 23), Roselinde Lichtner (Mitarbeiterin der W\u00e4scherei), Helga M\u00f6nnig (Teamassistentin im BildungsZentrum), Claudia Seng-Reichenauer (Kinderkrankenschwester auf der Station H23), Edeltraud Skatschkow (Krankenschwester auf der Station 2A), Petra Sorg (Medizinische Fachangestellte in der Zentralen Notaufnahme), Irene Susemichel (Sekretariat Einkauf und Materialwirtschaft), Lieselotte Unterstab (Schulleiterin der Schule f\u00fcr Technische Assistenten in der Medizin\/MTA-Schule), Georg Vollmer (Fachkrankenpfleger in der psychiatrischen Tagesklinik der Klinik f\u00fcr Psychiatrie und Psychotherapie), Reiner Wefers (Mitarbeiter der Technik im Bereich der Schreinerei).<\/p>\n<p>Fotonachweis: Klinikum Fulda<\/p>\n","protected":false},"excerpt":{"rendered":"<div class=\"tmnf_excerpt\"><p>Langj\u00e4hrige Mitarbeiterinnen und Mitarbeiter des Klinikums Fulda wurden im Rahmen der feierlichen Jubilar-Veranstaltung geehrt und ausgezeichnet. 7 Mitarbeiterinnen und Mitarbeiter feiern ihr 40-j\u00e4hriges und 14 ihr 25-j\u00e4hriges Jubil\u00e4um im \u00f6ffentlichen Dienst. 17 Mitarbeiterinnen und Mitarbeiter wurden in den Ruhestand verabschiedet. \u201eWir m\u00f6chten Ihnen heute unsere Anerkennung und Dankbarkeit aussprechen\u201c, sagte Priv.-Doz. Dr. Thomas Menzel, Vorstandssprecher &hellip;<\/p>\n<\/div>","protected":false},"author":1,"featured_media":176833,"comment_status":"closed","ping_status":"closed","sticky":false,"template":"","format":"standard","meta":{"footnotes":""},"categories":[1],"tags":[],"class_list":["post-176829","post","type-post","status-publish","format-standard","has-post-thumbnail","hentry","category-startseite"],"_links":{"self":[{"href":"https:\/\/www.fuldaernachrichten.de\/index.php?rest_route=\/wp\/v2\/posts\/176829","targetHints":{"allow":["GET"]}}],"collection":[{"href":"https:\/\/www.fuldaernachrichten.de\/index.php?rest_route=\/wp\/v2\/posts"}],"about":[{"href":"https:\/\/www.fuldaernachrichten.de\/index.php?rest_route=\/wp\/v2\/types\/post"}],"author":[{"embeddable":true,"href":"https:\/\/www.fuldaernachrichten.de\/index.php?rest_route=\/wp\/v2\/users\/1"}],"replies":[{"embeddable":true,"href":"https:\/\/www.fuldaernachrichten.de\/index.php?rest_route=%2Fwp%2Fv2%2Fcomments&post=176829"}],"version-history":[{"count":1,"href":"https:\/\/www.fuldaernachrichten.de\/index.php?rest_route=\/wp\/v2\/posts\/176829\/revisions"}],"predecessor-version":[{"id":176834,"href":"https:\/\/www.fuldaernachrichten.de\/index.php?rest_route=\/wp\/v2\/posts\/176829\/revisions\/176834"}],"wp:featuredmedia":[{"embeddable":true,"href":"https:\/\/www.fuldaernachrichten.de\/index.php?rest_route=\/wp\/v2\/media\/176833"}],"wp:attachment":[{"href":"https:\/\/www.fuldaernachrichten.de\/index.php?rest_route=%2Fwp%2Fv2%2Fmedia&parent=176829"}],"wp:term":[{"taxonomy":"category","embeddable":true,"href":"https:\/\/www.fuldaernachrichten.de\/index.php?rest_route=%2Fwp%2Fv2%2Fcategories&post=176829"},{"taxonomy":"post_tag","embeddable":true,"href":"https:\/\/www.fuldaernachrichten.de\/index.php?rest_route=%2Fwp%2Fv2%2Ftags&post=176829"}],"curies":[{"name":"wp","href":"https:\/\/api.w.org\/{rel}","templated":true}]}}