{"id":176786,"date":"2018-11-19T08:48:21","date_gmt":"2018-11-19T07:48:21","guid":{"rendered":"http:\/\/www.fuldaer-nachrichten.de\/?p=176786"},"modified":"2018-11-19T08:48:21","modified_gmt":"2018-11-19T07:48:21","slug":"neuer-zustiegsweg-zur-enzianhuette-eroeffnet","status":"publish","type":"post","link":"https:\/\/www.fuldaernachrichten.de\/?p=176786","title":{"rendered":"Neuer Zustiegsweg zur Enzianh\u00fctte er\u00f6ffnet"},"content":{"rendered":"<p>Die Sektion Fulda des Deutschen Alpenvereins hat ihrem Ehrenvorsitzenden Norbert Weber einen neuen Zustiegsweg zur Enzianh\u00fctte gewidmet, der am 15. November offiziell er\u00f6ffnet wurde.<\/p>\n<p>Im vergangenen Jahr feierte der Ehrenvorsitzender der DAV Sektion Fulda, Norbert Weber, seinen 80. Geburtstag. Aus diesem Anlass widmete der aktuelle Vorstand dem Jubilar den \u201eNorbert-Weber-Weg\u201c \u2013 den nun k\u00fcrzesten und schnellsten Zustieg zur Enzianh\u00fctte.<\/p>\n<p>Norbert Weber hatte sich in den \u00fcber 30 Jahren seiner Vorstandst\u00e4tigkeit f\u00fcr die DAV Sektion Fulda in Besonderem Ma\u00df um die Weiterentwicklung der Enzianh\u00fctte verdient gemacht. Nach der Entscheidung zur Erhaltung in H\u00fctte in Sektionshand fielen in diese Zeit auch die Suche nach dem aktuellen P\u00e4chterpaar Koch sowie diverse Renovierungs- und Modernisierungsarbeiten, um die Attraktivit\u00e4t der 1956 er\u00f6ffneten Enzianh\u00fctte zu erhalten. \u201eDiese Verdienste von Norbert wollen wir mit dem neuen Norbert-Weber-Weg w\u00fcrdigen, den er selbst in den letzten Jahren immer wieder f\u00fcr den Auf- und Abstieg zur H\u00fctte genutzt hat\u201c, so Michael Rutkowski, 1. Vorsitzender der DAV Sektion Fulda. Ihm sei es stets ein gro\u00dfes Anliegen gewesen, pers\u00f6nlich vor Ort den Kontakt zum P\u00e4chterpaar zu halten und gemeinsam mit ihnen an der Weiterentwicklung der Enzianh\u00fctte zu arbeiten, die \u00fcber die vergangenen Jahre zu einem Kleinod geworden sei, blickte Rutkowski im Rahmen einer Feierstunde auf der Enzianh\u00fctte zur\u00fcck. Neben Vereinsmitgliedern waren dazu auch die B\u00fcrgermeister von Hilders, Hubert Blum, und Poppenhausen, Manfred Helfrich, gekommen, die ihre Freude dar\u00fcber betonten, dass auch dank der Bem\u00fchungen von Norbert Weber diese sch\u00f6ne H\u00fctte voller Leben zu ihren Gemeinden z\u00e4hlen w\u00fcrde und w\u00fcnschten dem Weg, dass er zuk\u00fcnftig vielf\u00e4ltig und vor allem noch lange durch Norbert Weber genutzt werden w\u00fcrde.<\/p>\n<p>Norbert Weber selbst dankte dem amtierenden Vorstand f\u00fcr diese W\u00fcrdigung und sprach den Wunsch aus, dass nicht nur er selbst, sondern auch zahlreiche Wanderer den Weg noch lange nutzen m\u00f6gen, um sch\u00f6ne Stunden auf der sektionseigenen Enzianh\u00fctte zu verbringen.<\/p>\n<p>Wegverlauf und Entstehung<br \/>\nDer neue Norbert-Weber-Weg beginnt etwa hundert Meter vom Grabenh\u00f6fchen in Richtung Abtsroda und f\u00fchrt \u00fcber einige Stufen in den Wald. Von dort geht es im Wald unterhalb des Weiherberges entlang bis der Weg oben nicht weit von der Enzianh\u00fctte auf der Wiese ankommt. In den letzten Jahren in Vergessenheit geraten und durch Sturmsch\u00e4den unbegehbar, war es Sektionsmitglied Udo Merten, der den Weg nun wieder u.a. durch umfangreiche Aufr\u00e4umarbeiten sowie den Einbau von Treppenstufen in einem kleinen Steilst\u00fcck, wieder begehbar gemacht hat. Der Weg selbst ist mit handgefertigten Hinweisschildern versehen, so dass die Wanderer nun neben dem Dr.-Werner-von-Bl\u00fcmel-Weg eine weitere attraktive Zustiegsvariante zur Enzianh\u00fctte w\u00e4hlen k\u00f6nnen.<\/p>\n","protected":false},"excerpt":{"rendered":"<div class=\"tmnf_excerpt\"><p>Die Sektion Fulda des Deutschen Alpenvereins hat ihrem Ehrenvorsitzenden Norbert Weber einen neuen Zustiegsweg zur Enzianh\u00fctte gewidmet, der am 15. November offiziell er\u00f6ffnet wurde. Im vergangenen Jahr feierte der Ehrenvorsitzender der DAV Sektion Fulda, Norbert Weber, seinen 80. Geburtstag. Aus diesem Anlass widmete der aktuelle Vorstand dem Jubilar den \u201eNorbert-Weber-Weg\u201c \u2013 den nun k\u00fcrzesten und &hellip;<\/p>\n<\/div>","protected":false},"author":1,"featured_media":176794,"comment_status":"closed","ping_status":"closed","sticky":false,"template":"","format":"standard","meta":{"footnotes":""},"categories":[1],"tags":[],"class_list":["post-176786","post","type-post","status-publish","format-standard","has-post-thumbnail","hentry","category-startseite"],"_links":{"self":[{"href":"https:\/\/www.fuldaernachrichten.de\/index.php?rest_route=\/wp\/v2\/posts\/176786","targetHints":{"allow":["GET"]}}],"collection":[{"href":"https:\/\/www.fuldaernachrichten.de\/index.php?rest_route=\/wp\/v2\/posts"}],"about":[{"href":"https:\/\/www.fuldaernachrichten.de\/index.php?rest_route=\/wp\/v2\/types\/post"}],"author":[{"embeddable":true,"href":"https:\/\/www.fuldaernachrichten.de\/index.php?rest_route=\/wp\/v2\/users\/1"}],"replies":[{"embeddable":true,"href":"https:\/\/www.fuldaernachrichten.de\/index.php?rest_route=%2Fwp%2Fv2%2Fcomments&post=176786"}],"version-history":[{"count":1,"href":"https:\/\/www.fuldaernachrichten.de\/index.php?rest_route=\/wp\/v2\/posts\/176786\/revisions"}],"predecessor-version":[{"id":176795,"href":"https:\/\/www.fuldaernachrichten.de\/index.php?rest_route=\/wp\/v2\/posts\/176786\/revisions\/176795"}],"wp:featuredmedia":[{"embeddable":true,"href":"https:\/\/www.fuldaernachrichten.de\/index.php?rest_route=\/wp\/v2\/media\/176794"}],"wp:attachment":[{"href":"https:\/\/www.fuldaernachrichten.de\/index.php?rest_route=%2Fwp%2Fv2%2Fmedia&parent=176786"}],"wp:term":[{"taxonomy":"category","embeddable":true,"href":"https:\/\/www.fuldaernachrichten.de\/index.php?rest_route=%2Fwp%2Fv2%2Fcategories&post=176786"},{"taxonomy":"post_tag","embeddable":true,"href":"https:\/\/www.fuldaernachrichten.de\/index.php?rest_route=%2Fwp%2Fv2%2Ftags&post=176786"}],"curies":[{"name":"wp","href":"https:\/\/api.w.org\/{rel}","templated":true}]}}