{"id":176773,"date":"2018-11-19T08:49:59","date_gmt":"2018-11-19T07:49:59","guid":{"rendered":"http:\/\/www.fuldaer-nachrichten.de\/?p=176773"},"modified":"2018-11-19T08:49:59","modified_gmt":"2018-11-19T07:49:59","slug":"auch-staedtische-kitas-sowie-hochschul-landes-und-stadtbibliothek-beteiligt","status":"publish","type":"post","link":"https:\/\/www.fuldaernachrichten.de\/?p=176773","title":{"rendered":"Auch st\u00e4dtische Kitas sowie Hochschul-, Landes- und Stadtbibliothek beteiligt"},"content":{"rendered":"<p>Am 15. bundesweiten Vorlesetag, bei dem die Wochenzeitung \u201eDie Zeit\u201c, die Stiftung Lesen und die Deutsche Bahn als Initiatoren ein Zeichen f\u00fcr das \u00f6ffentliche Vorlesen setzen wollen, haben sich auch mehrere Kindertagesst\u00e4tten der Stadt Fulda beteiligt \u2013 und konnten dabei prominente Vorleser gewinnen. In der Hochschul-, Landes- und Stadtbibliothek am Heinrich-von-Bibra-Platz in Fulda war zum Vorlesetag die Kita \u201eSonnenblume\u201c aus Fulda-Horas zu Gast, und der Vorleser, Fuldas Oberb\u00fcrgermeister Dr. Heiko Wingenfeld, hatte zwei altersgerechte Geschichten mitgebracht, unter anderem das Abenteuer des kleinen Panda Pai. Die mehr als 30 Kita-Kinder waren begeistert und beteiligten sich intensiv \u2013 die Fragen des Oberb\u00fcrgermeisters konnten sie schnell und lebhaft beantworten.<\/p>\n<p>Bereits am fr\u00fchen Morgen hatte B\u00fcrgermeister Dag Wehner in der Kita \u201eSpatzennest\u201c in Edelzell Station gemacht. Er las im Turnraum aus dem Kinderbuch \u201eKasimir l\u00e4sst Frippe machen\u201c \u2013 eine liebevoll geschriebene und gezeichnete Geschichte \u00fcber den Biber Kasimir, der ein paar Tage Erholung ben\u00f6tigt und seinem kleinen Freund Frippe in der Zwischenzeit seine Reparaturwerkstatt \u00fcberl\u00e4sst, was kuriose Folgen hat.<\/p>\n<p>Auch die Kita \u201eDie Hobbits\u201c in Ziehers-S\u00fcd beteiligte sich am Vorlesetag. Kita-Leiterin Laura Gro\u00df konnte u.a. einen Mitarbeiter des Sponsors Deutschen Bahn (Oliver Gro\u00df) sowie den Abteilungsleiter der st\u00e4dtischen Kindertagesst\u00e4tten (Christof J\u00fcrissen) als Vorleser begr\u00fc\u00dfen. Mitarbeiter der Kita hatten sogar ihre Eltern zum Vorlesen mitgebracht. Die Vorleser kamen jeweils mit ihren Lieblingsgeschichten und zur Geschichte passendem Material in die Kita &#8211; und brachten die Kinderaugen zum Leuchten.<\/p>\n<p>Vorlesen ist ein wichtiger Schritt zur fr\u00fchen Bildung in den st\u00e4dtischen Kitas. Die Kita \u201eDie Hobbits\u201c ist neben weiteren Kitas der Stadt Fulda im Bundesprogramm Sprachkita verankert und sieht fr\u00fche Bildung als Mittel zur Chancengleichheit an. Daher gilt bei den \u201eHobbits\u201c dem Vorlesen generell ein besonderes Augenmerk: So ist immer mittwochs eine \u201eVorleseoma\u201c \u2013 wie sie liebevoll von den Kindern genannt wird \u2013 zu Gast in der Kita. Weitere Vorlesepaten konnten am Vorlesetag f\u00fcr die Kita gewonnen werden.<\/p>\n<p>Der Vorlesetag findet immer jedes Jahr am dritten Freitag im November statt. Initiatoren sind DIE ZEIT, die Stiftung Lesen und die Deutsche Bahn. Laut der Homepage (https:\/\/www.vorlesetag.de\/) waren in diesem Jahr bundesweit mehr als 680.000 Personen am Vorlesetag beteiligt.<\/p>\n","protected":false},"excerpt":{"rendered":"<div class=\"tmnf_excerpt\"><p>Am 15. bundesweiten Vorlesetag, bei dem die Wochenzeitung \u201eDie Zeit\u201c, die Stiftung Lesen und die Deutsche Bahn als Initiatoren ein Zeichen f\u00fcr das \u00f6ffentliche Vorlesen setzen wollen, haben sich auch mehrere Kindertagesst\u00e4tten der Stadt Fulda beteiligt \u2013 und konnten dabei prominente Vorleser gewinnen. In der Hochschul-, Landes- und Stadtbibliothek am Heinrich-von-Bibra-Platz in Fulda war zum &hellip;<\/p>\n<\/div>","protected":false},"author":1,"featured_media":176804,"comment_status":"closed","ping_status":"closed","sticky":false,"template":"","format":"gallery","meta":{"footnotes":""},"categories":[1],"tags":[],"class_list":["post-176773","post","type-post","status-publish","format-gallery","has-post-thumbnail","hentry","category-startseite","post_format-post-format-gallery"],"_links":{"self":[{"href":"https:\/\/www.fuldaernachrichten.de\/index.php?rest_route=\/wp\/v2\/posts\/176773","targetHints":{"allow":["GET"]}}],"collection":[{"href":"https:\/\/www.fuldaernachrichten.de\/index.php?rest_route=\/wp\/v2\/posts"}],"about":[{"href":"https:\/\/www.fuldaernachrichten.de\/index.php?rest_route=\/wp\/v2\/types\/post"}],"author":[{"embeddable":true,"href":"https:\/\/www.fuldaernachrichten.de\/index.php?rest_route=\/wp\/v2\/users\/1"}],"replies":[{"embeddable":true,"href":"https:\/\/www.fuldaernachrichten.de\/index.php?rest_route=%2Fwp%2Fv2%2Fcomments&post=176773"}],"version-history":[{"count":1,"href":"https:\/\/www.fuldaernachrichten.de\/index.php?rest_route=\/wp\/v2\/posts\/176773\/revisions"}],"predecessor-version":[{"id":176812,"href":"https:\/\/www.fuldaernachrichten.de\/index.php?rest_route=\/wp\/v2\/posts\/176773\/revisions\/176812"}],"wp:featuredmedia":[{"embeddable":true,"href":"https:\/\/www.fuldaernachrichten.de\/index.php?rest_route=\/wp\/v2\/media\/176804"}],"wp:attachment":[{"href":"https:\/\/www.fuldaernachrichten.de\/index.php?rest_route=%2Fwp%2Fv2%2Fmedia&parent=176773"}],"wp:term":[{"taxonomy":"category","embeddable":true,"href":"https:\/\/www.fuldaernachrichten.de\/index.php?rest_route=%2Fwp%2Fv2%2Fcategories&post=176773"},{"taxonomy":"post_tag","embeddable":true,"href":"https:\/\/www.fuldaernachrichten.de\/index.php?rest_route=%2Fwp%2Fv2%2Ftags&post=176773"}],"curies":[{"name":"wp","href":"https:\/\/api.w.org\/{rel}","templated":true}]}}