{"id":176756,"date":"2018-11-09T06:20:16","date_gmt":"2018-11-09T05:20:16","guid":{"rendered":"http:\/\/www.fuldaer-nachrichten.de\/?p=176756"},"modified":"2018-11-09T06:20:16","modified_gmt":"2018-11-09T05:20:16","slug":"veranstaltungsvielfalt-des-kolpingwerkes","status":"publish","type":"post","link":"https:\/\/www.fuldaernachrichten.de\/?p=176756","title":{"rendered":"Veranstaltungsvielfalt des Kolpingwerkes"},"content":{"rendered":"<p>Ein umfangreiches Veranstaltungsprogramm er\u00f6rterten k\u00fcrzlich die Vorst\u00e4nde des Kolping-Bezirksverbandes Hessisches Kegelspiel im Kolpinghaus Fulda. Die Versammlung begann mit einer Besichtigung der neu und zukunftsorientierten gestaltetenen Hotel- und Gastronomier\u00e4ume des Fuldaer Kolpinghauses. Alle Vorst\u00e4nde waren sehr \u00fcberrascht und beeindruckt \u00fcber die gelungenen Umbauma\u00dfnahmen. Hausvorstandsmitglied Gustav Haller und Gesch\u00e4ftsf\u00fchrer Christof Wei\u00dfenborn standen dabei Rede und Antwort.<\/p>\n<p>Wolfgang Krieger,H\u00fcnfeld, berichtete \u00fcber die aktuellen Aktivit\u00e4ten des Di\u00f6zesanverbandes. So wird im Sommer 2019 der Azubi-Kampus pings er\u00f6ffnet, um vielen Auszubildenen eine Unterkunft zu erm\u00f6glichen. Im Mittelpunkt des Jahres 2019 wird die 150-Jahrfeier des Di\u00f6zesanverbandes mit zahlreichen Veranstaltungen stehen. So ist unter anderem am 18. Mai 2019 wieder ein gro\u00dfer EINE WElT &#8211; Aktionstag auf dem Universit\u00e4tsplatz in Fulda. Eine Exklusivvorstellung des Bonifatius-Musicals f\u00fcr Kolping ist am 21. August und am 12. Okt. findet die Di\u00f6zesanwallfahrt nach Fritzlar statt. Eine Buswallfahrt des Bezirkes zum Maria Ehrenberg ist f\u00fcr den 4. August und der Bezirksfamilientag am 10 Aug. vorgesehen. Daran schlie\u00dft sich die traditionelle Bezirkswallfahrt zum Gehilfersberg am 25. Aug. an, die im kommenden Jahr von der Kolpingsfamilie Gro\u00dfentaft ausgerichtet wird . Ein gro\u00dfes Regionalforum des Kolping Bundesverbandes am 30. M\u00e4rz im Hotel Esperanto l\u00e4dt alle Mitglieder ein die Zukunft des Kolpingwerkes mitzugestalten. Das Kolpinghaus Fulda wird im  Oktober sein 50-j\u00e4hriges Bestehen feiern. Das n\u00e4chste Vorst\u00e4ndetreffen der Kolpingsfamilien Burghaun, Buttlar, Eiterfeld, Friedewald, H\u00fcnfeld, Michelsrombach, Rasdorf und Ufhausen, findet am 21. M\u00e4rz 2019 im Pfarrzentrum Eiterfeld statt.<\/p>\n","protected":false},"excerpt":{"rendered":"<div class=\"tmnf_excerpt\"><p>Ein umfangreiches Veranstaltungsprogramm er\u00f6rterten k\u00fcrzlich die Vorst\u00e4nde des Kolping-Bezirksverbandes Hessisches Kegelspiel im Kolpinghaus Fulda. Die Versammlung begann mit einer Besichtigung der neu und zukunftsorientierten gestaltetenen Hotel- und Gastronomier\u00e4ume des Fuldaer Kolpinghauses. Alle Vorst\u00e4nde waren sehr \u00fcberrascht und beeindruckt \u00fcber die gelungenen Umbauma\u00dfnahmen. Hausvorstandsmitglied Gustav Haller und Gesch\u00e4ftsf\u00fchrer Christof Wei\u00dfenborn standen dabei Rede und Antwort. Wolfgang &hellip;<\/p>\n<\/div>","protected":false},"author":1,"featured_media":0,"comment_status":"closed","ping_status":"closed","sticky":false,"template":"","format":"standard","meta":{"footnotes":""},"categories":[1],"tags":[],"class_list":["post-176756","post","type-post","status-publish","format-standard","hentry","category-startseite"],"_links":{"self":[{"href":"https:\/\/www.fuldaernachrichten.de\/index.php?rest_route=\/wp\/v2\/posts\/176756","targetHints":{"allow":["GET"]}}],"collection":[{"href":"https:\/\/www.fuldaernachrichten.de\/index.php?rest_route=\/wp\/v2\/posts"}],"about":[{"href":"https:\/\/www.fuldaernachrichten.de\/index.php?rest_route=\/wp\/v2\/types\/post"}],"author":[{"embeddable":true,"href":"https:\/\/www.fuldaernachrichten.de\/index.php?rest_route=\/wp\/v2\/users\/1"}],"replies":[{"embeddable":true,"href":"https:\/\/www.fuldaernachrichten.de\/index.php?rest_route=%2Fwp%2Fv2%2Fcomments&post=176756"}],"version-history":[{"count":1,"href":"https:\/\/www.fuldaernachrichten.de\/index.php?rest_route=\/wp\/v2\/posts\/176756\/revisions"}],"predecessor-version":[{"id":176767,"href":"https:\/\/www.fuldaernachrichten.de\/index.php?rest_route=\/wp\/v2\/posts\/176756\/revisions\/176767"}],"wp:attachment":[{"href":"https:\/\/www.fuldaernachrichten.de\/index.php?rest_route=%2Fwp%2Fv2%2Fmedia&parent=176756"}],"wp:term":[{"taxonomy":"category","embeddable":true,"href":"https:\/\/www.fuldaernachrichten.de\/index.php?rest_route=%2Fwp%2Fv2%2Fcategories&post=176756"},{"taxonomy":"post_tag","embeddable":true,"href":"https:\/\/www.fuldaernachrichten.de\/index.php?rest_route=%2Fwp%2Fv2%2Ftags&post=176756"}],"curies":[{"name":"wp","href":"https:\/\/api.w.org\/{rel}","templated":true}]}}