{"id":176749,"date":"2018-11-09T06:18:06","date_gmt":"2018-11-09T05:18:06","guid":{"rendered":"http:\/\/www.fuldaer-nachrichten.de\/?p=176749"},"modified":"2018-11-09T06:18:17","modified_gmt":"2018-11-09T05:18:17","slug":"mit-dem-offiziellen-spatenstich-setzt-die-caritas-in-fulda-ihre-bauplaene-fuer-eine-doppeleinrichtung-mit-spezial-pflegeheim-und-tagesfoerderstaette-fuer-neue-zielgruppe-um","status":"publish","type":"post","link":"https:\/\/www.fuldaernachrichten.de\/?p=176749","title":{"rendered":"Mit dem offiziellen Spatenstich setzt die Caritas in Fulda ihre Baupl\u00e4ne f\u00fcr eine Doppeleinrichtung mit Spezial-Pflegeheim und Tagesf\u00f6rderst\u00e4tte f\u00fcr neue Zielgruppe um"},"content":{"rendered":"<p><a href=\"http:\/\/www.fuldaer-nachrichten.de\/wp-content\/uploads\/2018\/11\/zu-89-cs_Spatenstich081118_KInderzwischenspiel_IMG_8533.jpg\"><img decoding=\"async\" src=\"http:\/\/www.fuldaer-nachrichten.de\/wp-content\/uploads\/2018\/11\/zu-89-cs_Spatenstich081118_KInderzwischenspiel_IMG_8533-265x128.jpg\" alt=\"\" width=\"265\" height=\"128\" class=\"alignleft size-thumbnail wp-image-176753\" srcset=\"https:\/\/www.fuldaernachrichten.de\/wp-content\/uploads\/2018\/11\/zu-89-cs_Spatenstich081118_KInderzwischenspiel_IMG_8533-265x128.jpg 265w, https:\/\/www.fuldaernachrichten.de\/wp-content\/uploads\/2018\/11\/zu-89-cs_Spatenstich081118_KInderzwischenspiel_IMG_8533-768x371.jpg 768w, https:\/\/www.fuldaernachrichten.de\/wp-content\/uploads\/2018\/11\/zu-89-cs_Spatenstich081118_KInderzwischenspiel_IMG_8533-600x290.jpg 600w, https:\/\/www.fuldaernachrichten.de\/wp-content\/uploads\/2018\/11\/zu-89-cs_Spatenstich081118_KInderzwischenspiel_IMG_8533.jpg 900w\" sizes=\"(max-width: 265px) 100vw, 265px\" \/><\/a>Alles andere als novembergrau pr\u00e4sentierte sich der heutige Vormittag, als in den R\u00e4umen der Caritas-Werkstatt Vinzenz-Stra\u00dfe am Fuldaer Neuenberg die offizielle Feier zum Bau einer Doppeleinrichtung von Altenhilfe und Behindertenhilfe startete. Auf dem Grundst\u00fcck gleich neben der Werkstatt entsteht bis 2020 ein Spezial-Pflegeheim f\u00fcr Menschen mit Behinderung wie auch eine Tagesf\u00f6rderst\u00e4tte f\u00fcr Menschen mit erworbenen Hirnsch\u00e4digungen, also etwa Unfallopfer oder Schlaganfall-Gesch\u00e4digte.<\/p>\n<p>Bevor zum H\u00f6hepunkt der Feier die etwa 100 Anwesenden und G\u00e4ste in die Herbstsonne heraustraten, der Caritas-Aufsichtsratsvorsitzende Msgr. Elmar Gurk das Grundst\u00fcck weihte, und unter Beifall mit rund 15 Beteiligten der Spatenstich erfolgte, gab es zun\u00e4chst ein abwechslungsreiches Programm mit Ansprachen und Gru\u00dfworten, das durch einen musikalischen Beitrag von Werner Neubauer (Mundharmonika) und Harald Kirchner (Akkordeon) vom Taubblindenheim sowie ein musikalisches Spiel der Kita-Kinder von der nahen Kindertagesst\u00e4tte St. Andreas angereichert wurde.<\/p>\n<p>Zum Auftakt hatten Di\u00f6zesan-Caritasdirektor Dr. Markus Juch und Vorstandsmitglied Ansgar Erb die beiden Projekte, die nun mit dem Bau verwirklicht werden, konzeptionell vorgestellt und auch zum Bau und zu seiner Finanzierung Infos geliefert. So wird das Pflegeheim mit 32 Pl\u00e4tzen vor allem f\u00fcr \u00e4ltere pflegebed\u00fcrftige Menschen mit geistiger Behinderung, aber auch f\u00fcr Menschen mit Sinnesbehinderungen wie Blindheit und Geh\u00f6rlosigkeit oder Menschen mit Demenz eine Heimat sein. Beitr\u00e4ge zu den Baukosten kamen neben den Eigenmitteln von Kirche und Caritas u.a. vom Hessischen Sozialministerium (Zuschuss und Darlehen); die Aktion Mensch steuerte einen Zuschuss speziell zur Errichtung der Tagesf\u00f6rderst\u00e4tte bei.<br \/>\nDiese Tagesf\u00f6rderst\u00e4tte wird 20 Menschen Platz bieten und richtet sich an Menschen mit erworbenen Hirnsch\u00e4digungen. F\u00fcr diese Betroffenen gibt es bisher kein ad\u00e4quates Angebot zur Teilhabe an Bildung und Arbeit und zur Tagesstruktur, bei dem die besonderen Betreuungsanforderungen der Zielgruppe an die Rehabilitationsma\u00dfahme Ber\u00fccksichtigung finden. F\u00fcr diese neue Tagesf\u00f6rderst\u00e4tte, die \u2013 so betonten mehrere unter den Rednern \u2013 in der Form bisher einmalig in Hessen und Deutschland ist, arbeitet die Caritas konzeptionell und auch sp\u00e4ter nach Inbetriebma\u00dfnahme mit dem BDH Bundesverband Rehabilitation zusammen \u2013 die Gru\u00dfworte des BDH kamen von der Bundesvorsitzenden Ilse M\u00fcller und dem Fuldaer Vorsitzenden Hermann Auth, die sich erfreut zeigten, dass diese gemeinsame Idee nun wirklich zum Tragen kommen solle. <\/p>\n<p>Weitere Gru\u00dfworte kamen vom st\u00e4ndigen Vertreter des Di\u00f6zesan-Administrators, Prof. Dr. Gerhard Stanke, der sich erfreut zeigte, wie gro\u00df das Interesse am Baustart zur neuen Doppeleinrichtung sei, und der betonte, er sei stolz auf die Caritas, die sich mit diesem Projekt als sehr innovativ erwiesen habe und genau geschaut hatte, wo neuen Formen der Hilfe ben\u00f6tigt w\u00fcrden. F\u00fcr die Landesregierung trat der Staatssekret\u00e4r aus dem Sozialministerium, Dr. Wolfgang Dippel, ans Rednerpult. Er unterstrich, dass Fulda eine lebendige Region sei, in der viel bewegt w\u00fcrde. Daher passe es, dass die neue Einrichtung als Leuchtturmprojekt f\u00fcr das ganze Land hier entstehe. F\u00fcr Stadt Fulda sprach Oberb\u00fcrgermeister Dr. Heiko Wingenfeld, und der Landeswohlfahrtsverband kam das Gru\u00dfwort vom Ersten Beigeordneten Sr. Andreas J\u00fcrgens. Beide gratulierten zum Start des Bauprojektes und w\u00fcnschten f\u00fcr die Phase der Errichtung alles Gute. Letzte Rednerin war die zuk\u00fcnftige Landtagsabgeordnete der Gr\u00fcnen, Silvia Br\u00fcnnel, die betonte, dass die Caritas schon mehrfach Vorbildfunktion in der Region \u00fcbernommen habe, und dass auch die neue Einrichtung in dieser Hinsicht vorbildlich sei. Die Feier klang nach dem Spatenstich mit einem gemeinsamen Mittagessen aller Festbeteiligten aus.<\/p>\n","protected":false},"excerpt":{"rendered":"<div class=\"tmnf_excerpt\"><p>Alles andere als novembergrau pr\u00e4sentierte sich der heutige Vormittag, als in den R\u00e4umen der Caritas-Werkstatt Vinzenz-Stra\u00dfe am Fuldaer Neuenberg die offizielle Feier zum Bau einer Doppeleinrichtung von Altenhilfe und Behindertenhilfe startete. Auf dem Grundst\u00fcck gleich neben der Werkstatt entsteht bis 2020 ein Spezial-Pflegeheim f\u00fcr Menschen mit Behinderung wie auch eine Tagesf\u00f6rderst\u00e4tte f\u00fcr Menschen mit erworbenen &hellip;<\/p>\n<\/div>","protected":false},"author":1,"featured_media":176752,"comment_status":"closed","ping_status":"closed","sticky":false,"template":"","format":"standard","meta":{"footnotes":""},"categories":[1],"tags":[],"class_list":["post-176749","post","type-post","status-publish","format-standard","has-post-thumbnail","hentry","category-startseite"],"_links":{"self":[{"href":"https:\/\/www.fuldaernachrichten.de\/index.php?rest_route=\/wp\/v2\/posts\/176749","targetHints":{"allow":["GET"]}}],"collection":[{"href":"https:\/\/www.fuldaernachrichten.de\/index.php?rest_route=\/wp\/v2\/posts"}],"about":[{"href":"https:\/\/www.fuldaernachrichten.de\/index.php?rest_route=\/wp\/v2\/types\/post"}],"author":[{"embeddable":true,"href":"https:\/\/www.fuldaernachrichten.de\/index.php?rest_route=\/wp\/v2\/users\/1"}],"replies":[{"embeddable":true,"href":"https:\/\/www.fuldaernachrichten.de\/index.php?rest_route=%2Fwp%2Fv2%2Fcomments&post=176749"}],"version-history":[{"count":1,"href":"https:\/\/www.fuldaernachrichten.de\/index.php?rest_route=\/wp\/v2\/posts\/176749\/revisions"}],"predecessor-version":[{"id":176754,"href":"https:\/\/www.fuldaernachrichten.de\/index.php?rest_route=\/wp\/v2\/posts\/176749\/revisions\/176754"}],"wp:featuredmedia":[{"embeddable":true,"href":"https:\/\/www.fuldaernachrichten.de\/index.php?rest_route=\/wp\/v2\/media\/176752"}],"wp:attachment":[{"href":"https:\/\/www.fuldaernachrichten.de\/index.php?rest_route=%2Fwp%2Fv2%2Fmedia&parent=176749"}],"wp:term":[{"taxonomy":"category","embeddable":true,"href":"https:\/\/www.fuldaernachrichten.de\/index.php?rest_route=%2Fwp%2Fv2%2Fcategories&post=176749"},{"taxonomy":"post_tag","embeddable":true,"href":"https:\/\/www.fuldaernachrichten.de\/index.php?rest_route=%2Fwp%2Fv2%2Ftags&post=176749"}],"curies":[{"name":"wp","href":"https:\/\/api.w.org\/{rel}","templated":true}]}}