{"id":17661,"date":"2009-01-02T07:15:56","date_gmt":"2009-01-02T06:15:56","guid":{"rendered":"http:\/\/www.schoene-nachrichten.de\/?p=17661"},"modified":"2008-12-25T05:41:35","modified_gmt":"2008-12-25T04:41:35","slug":"ice-age-3-kinostart-02072009","status":"publish","type":"post","link":"https:\/\/www.fuldaernachrichten.de\/?p=17661","title":{"rendered":"Ice Age 3 &#8211; Kinostart: 02.07.2009"},"content":{"rendered":"<p><strong><a href=\"http:\/\/www.schoene-nachrichten.de\/wp-content\/uploads\/2008\/12\/081216_ice.jpg\"><img decoding=\"async\" class=\"alignleft size-thumbnail wp-image-17662\" title=\"081216_ice\" src=\"http:\/\/www.schoene-nachrichten.de\/wp-content\/uploads\/2008\/12\/081216_ice-265x149.jpg\" alt=\"081216_ice\" width=\"265\" height=\"149\" srcset=\"https:\/\/www.fuldaernachrichten.de\/wp-content\/uploads\/2008\/12\/081216_ice-265x149.jpg 265w, https:\/\/www.fuldaernachrichten.de\/wp-content\/uploads\/2008\/12\/081216_ice.jpg 800w\" sizes=\"(max-width: 265px) 100vw, 265px\" \/><\/a>Kino.<\/strong> Das ber\u00fchmteste pr\u00e4historische Eichh\u00f6rnchen der Welt ist wieder da! Scrat spielt wieder die Hauptrolle in der Fortsetzung Ice Age 3.<\/p>\n","protected":false},"excerpt":{"rendered":"<div class=\"tmnf_excerpt\"><p>Kino. Das ber\u00fchmteste pr\u00e4historische Eichh\u00f6rnchen der Welt ist wieder da! Scrat spielt wieder die Hauptrolle in der Fortsetzung Ice Age 3.<\/p>\n<\/div>","protected":false},"author":1,"featured_media":0,"comment_status":"closed","ping_status":"closed","sticky":false,"template":"","format":"standard","meta":{"footnotes":""},"categories":[1,79],"tags":[],"class_list":["post-17661","post","type-post","status-publish","format-standard","hentry","category-startseite","category-kino"],"_links":{"self":[{"href":"https:\/\/www.fuldaernachrichten.de\/index.php?rest_route=\/wp\/v2\/posts\/17661","targetHints":{"allow":["GET"]}}],"collection":[{"href":"https:\/\/www.fuldaernachrichten.de\/index.php?rest_route=\/wp\/v2\/posts"}],"about":[{"href":"https:\/\/www.fuldaernachrichten.de\/index.php?rest_route=\/wp\/v2\/types\/post"}],"author":[{"embeddable":true,"href":"https:\/\/www.fuldaernachrichten.de\/index.php?rest_route=\/wp\/v2\/users\/1"}],"replies":[{"embeddable":true,"href":"https:\/\/www.fuldaernachrichten.de\/index.php?rest_route=%2Fwp%2Fv2%2Fcomments&post=17661"}],"version-history":[{"count":3,"href":"https:\/\/www.fuldaernachrichten.de\/index.php?rest_route=\/wp\/v2\/posts\/17661\/revisions"}],"predecessor-version":[{"id":18291,"href":"https:\/\/www.fuldaernachrichten.de\/index.php?rest_route=\/wp\/v2\/posts\/17661\/revisions\/18291"}],"wp:attachment":[{"href":"https:\/\/www.fuldaernachrichten.de\/index.php?rest_route=%2Fwp%2Fv2%2Fmedia&parent=17661"}],"wp:term":[{"taxonomy":"category","embeddable":true,"href":"https:\/\/www.fuldaernachrichten.de\/index.php?rest_route=%2Fwp%2Fv2%2Fcategories&post=17661"},{"taxonomy":"post_tag","embeddable":true,"href":"https:\/\/www.fuldaernachrichten.de\/index.php?rest_route=%2Fwp%2Fv2%2Ftags&post=17661"}],"curies":[{"name":"wp","href":"https:\/\/api.w.org\/{rel}","templated":true}]}}