{"id":17658,"date":"2008-12-20T01:13:08","date_gmt":"2008-12-20T00:13:08","guid":{"rendered":"http:\/\/www.schoene-nachrichten.de\/?p=17658"},"modified":"2008-12-17T11:47:53","modified_gmt":"2008-12-17T10:47:53","slug":"defiance-kinostart-05022009","status":"publish","type":"post","link":"https:\/\/www.fuldaernachrichten.de\/?p=17658","title":{"rendered":"Defiance &#8211; Kinostart: 05.02.2009"},"content":{"rendered":"<p><strong><a href=\"http:\/\/www.schoene-nachrichten.de\/wp-content\/uploads\/2008\/12\/081216_defiance.jpg\"><img decoding=\"async\" class=\"alignleft size-thumbnail wp-image-17659\" title=\"081216_defiance\" src=\"http:\/\/www.schoene-nachrichten.de\/wp-content\/uploads\/2008\/12\/081216_defiance-265x176.jpg\" alt=\"081216_defiance\" width=\"265\" height=\"176\" srcset=\"https:\/\/www.fuldaernachrichten.de\/wp-content\/uploads\/2008\/12\/081216_defiance-265x176.jpg 265w, https:\/\/www.fuldaernachrichten.de\/wp-content\/uploads\/2008\/12\/081216_defiance.jpg 700w\" sizes=\"(max-width: 265px) 100vw, 265px\" \/><\/a>Kino. <\/strong> 1941. Osteurop\u00e4ische Juden werden zu Tausenden ermordet. Die Bielski-Br\u00fcder suchen Zuflucht vor dem sicheren Tod im nahe gelegenen Wald, den sie seit ihrer Kindheit kennen. Von dort aus beginnen sie einen verzweifelten Kampf gegen die Nazis, bei dem es zun\u00e4chst nur um ihr eigenes \u00dcberleben geht. Aber als sich die Kunde ihres Mutes in der Bev\u00f6lkerung verbreitet, treffen immer mehr j\u00fcdische Landsleute im Wald ein: M\u00e4nner, Frauen, Junge und Alte sind auf der verzweifelten Suche nach Hilfe &#8211; und finden sie im Lager der Partisanen. Doch auch hier gibt es Probleme: Anf\u00fchrer Tuvia Bielski (DANIEL CRAIG) wird misstrauisch be\u00e4ugt von seinem Bruder Zus (LIEV SCHREIBER), der bef\u00fcrchtet, Tuvias idealistische Pl\u00e4ne k\u00f6nnten alle ins Verderben st\u00fcrzen. Zwischen den rivalisierenden Br\u00fcdern versucht der j\u00fcngste Bruder Asael (JAMIE BELL) zu vermitteln. Im brutalen wei\u00dfrussischen Winter w\u00e4chst die Gemeinschaft st\u00e4rker zusammen und gibt die Hoffnung auch dann nicht auf, als alle Menschlichkeit verloren scheint.<\/p>\n","protected":false},"excerpt":{"rendered":"<div class=\"tmnf_excerpt\"><p>Kino. 1941. Osteurop\u00e4ische Juden werden zu Tausenden ermordet. Die Bielski-Br\u00fcder suchen Zuflucht vor dem sicheren Tod im nahe gelegenen Wald, den sie seit ihrer Kindheit kennen. Von dort aus beginnen sie einen verzweifelten Kampf gegen die Nazis, bei dem es zun\u00e4chst nur um ihr eigenes \u00dcberleben geht. Aber als sich die Kunde ihres Mutes in &hellip;<\/p>\n<\/div>","protected":false},"author":1,"featured_media":0,"comment_status":"closed","ping_status":"closed","sticky":false,"template":"","format":"standard","meta":{"footnotes":""},"categories":[1,79],"tags":[],"class_list":["post-17658","post","type-post","status-publish","format-standard","hentry","category-startseite","category-kino"],"_links":{"self":[{"href":"https:\/\/www.fuldaernachrichten.de\/index.php?rest_route=\/wp\/v2\/posts\/17658","targetHints":{"allow":["GET"]}}],"collection":[{"href":"https:\/\/www.fuldaernachrichten.de\/index.php?rest_route=\/wp\/v2\/posts"}],"about":[{"href":"https:\/\/www.fuldaernachrichten.de\/index.php?rest_route=\/wp\/v2\/types\/post"}],"author":[{"embeddable":true,"href":"https:\/\/www.fuldaernachrichten.de\/index.php?rest_route=\/wp\/v2\/users\/1"}],"replies":[{"embeddable":true,"href":"https:\/\/www.fuldaernachrichten.de\/index.php?rest_route=%2Fwp%2Fv2%2Fcomments&post=17658"}],"version-history":[{"count":4,"href":"https:\/\/www.fuldaernachrichten.de\/index.php?rest_route=\/wp\/v2\/posts\/17658\/revisions"}],"predecessor-version":[{"id":17770,"href":"https:\/\/www.fuldaernachrichten.de\/index.php?rest_route=\/wp\/v2\/posts\/17658\/revisions\/17770"}],"wp:attachment":[{"href":"https:\/\/www.fuldaernachrichten.de\/index.php?rest_route=%2Fwp%2Fv2%2Fmedia&parent=17658"}],"wp:term":[{"taxonomy":"category","embeddable":true,"href":"https:\/\/www.fuldaernachrichten.de\/index.php?rest_route=%2Fwp%2Fv2%2Fcategories&post=17658"},{"taxonomy":"post_tag","embeddable":true,"href":"https:\/\/www.fuldaernachrichten.de\/index.php?rest_route=%2Fwp%2Fv2%2Ftags&post=17658"}],"curies":[{"name":"wp","href":"https:\/\/api.w.org\/{rel}","templated":true}]}}