{"id":176556,"date":"2018-10-23T14:18:46","date_gmt":"2018-10-23T12:18:46","guid":{"rendered":"http:\/\/www.fuldaer-nachrichten.de\/?p=176556"},"modified":"2018-10-23T14:18:46","modified_gmt":"2018-10-23T12:18:46","slug":"fulda-in-der-stunde-null-2","status":"publish","type":"post","link":"https:\/\/www.fuldaernachrichten.de\/?p=176556","title":{"rendered":"Fulda in der Stunde Null"},"content":{"rendered":"<p>Im Jahr 2015 j\u00e4hrte sich zum 70. Mal das Kriegsende in Deutschland. Die St\u00e4dtische Volkshochschule bietet eine F\u00fchrung unter dem Titel \u201eFulda in der Stunde Null\u201c an. Elisabeth Heil beschreibt w\u00e4hrend eines zweist\u00fcndigen Stadtrundganges die Situation in Fulda im Mai 1945. Die F\u00fchrung beginnt am Haupteingang des Zentralfriedhofs und endet an der Michaelskirche. Termin ist Samstag, 27. Oktober 2018 um 14:00 Uhr.<\/p>\n<p>&nbsp;<\/p>\n","protected":false},"excerpt":{"rendered":"<div class=\"tmnf_excerpt\"><p>Im Jahr 2015 j\u00e4hrte sich zum 70. Mal das Kriegsende in Deutschland. Die St\u00e4dtische Volkshochschule bietet eine F\u00fchrung unter dem Titel \u201eFulda in der Stunde Null\u201c an. Elisabeth Heil beschreibt w\u00e4hrend eines zweist\u00fcndigen Stadtrundganges die Situation in Fulda im Mai 1945. Die F\u00fchrung beginnt am Haupteingang des Zentralfriedhofs und endet an der Michaelskirche. Termin ist &hellip;<\/p>\n<\/div>","protected":false},"author":1,"featured_media":0,"comment_status":"closed","ping_status":"closed","sticky":false,"template":"","format":"standard","meta":{"footnotes":""},"categories":[1],"tags":[],"class_list":["post-176556","post","type-post","status-publish","format-standard","hentry","category-startseite"],"_links":{"self":[{"href":"https:\/\/www.fuldaernachrichten.de\/index.php?rest_route=\/wp\/v2\/posts\/176556","targetHints":{"allow":["GET"]}}],"collection":[{"href":"https:\/\/www.fuldaernachrichten.de\/index.php?rest_route=\/wp\/v2\/posts"}],"about":[{"href":"https:\/\/www.fuldaernachrichten.de\/index.php?rest_route=\/wp\/v2\/types\/post"}],"author":[{"embeddable":true,"href":"https:\/\/www.fuldaernachrichten.de\/index.php?rest_route=\/wp\/v2\/users\/1"}],"replies":[{"embeddable":true,"href":"https:\/\/www.fuldaernachrichten.de\/index.php?rest_route=%2Fwp%2Fv2%2Fcomments&post=176556"}],"version-history":[{"count":1,"href":"https:\/\/www.fuldaernachrichten.de\/index.php?rest_route=\/wp\/v2\/posts\/176556\/revisions"}],"predecessor-version":[{"id":176557,"href":"https:\/\/www.fuldaernachrichten.de\/index.php?rest_route=\/wp\/v2\/posts\/176556\/revisions\/176557"}],"wp:attachment":[{"href":"https:\/\/www.fuldaernachrichten.de\/index.php?rest_route=%2Fwp%2Fv2%2Fmedia&parent=176556"}],"wp:term":[{"taxonomy":"category","embeddable":true,"href":"https:\/\/www.fuldaernachrichten.de\/index.php?rest_route=%2Fwp%2Fv2%2Fcategories&post=176556"},{"taxonomy":"post_tag","embeddable":true,"href":"https:\/\/www.fuldaernachrichten.de\/index.php?rest_route=%2Fwp%2Fv2%2Ftags&post=176556"}],"curies":[{"name":"wp","href":"https:\/\/api.w.org\/{rel}","templated":true}]}}