{"id":176550,"date":"2018-10-23T14:16:53","date_gmt":"2018-10-23T12:16:53","guid":{"rendered":"http:\/\/www.fuldaer-nachrichten.de\/?p=176550"},"modified":"2018-10-23T14:16:53","modified_gmt":"2018-10-23T12:16:53","slug":"finanzierungssprechtag-in-fulda-experten-beraten-unternehmer-rund-um-alle-fragen-der-finanzierung","status":"publish","type":"post","link":"https:\/\/www.fuldaernachrichten.de\/?p=176550","title":{"rendered":"Finanzierungssprechtag in Fulda &#8211; Experten beraten Unternehmer rund um alle Fragen der Finanzierung"},"content":{"rendered":"<p><span style=\"font-family: Agfa Rotis Sans Serif; font-size: small;\"><b>Am Freitag, 26. Oktober 2018, k\u00f6nnen sich Inhaber und Gesch\u00e4ftsf\u00fchrer kleiner und mittlerer Unternehmen ab 08:30 Uhr in der IHK Fulda, Heinrichstra\u00dfe 8, 36037 Fulda, nach Anmeldung in Einzelterminen kostenlos beraten lassen. Experten der Wirtschafts- und Infrastrukturbank Hessen (WIBank), der Industrie- und Handelskammer (IHK) Fulda, der Handwerkskammer Kassel (HWK) sowie des Rationalisierungs- und Innovationszentrums der Wirtschaft (RKW Hessen) bieten diesen Service gemeinsam an.<\/b><\/span><\/p>\n<p><span style=\"font-family: Agfa Rotis Sans Serif; font-size: small;\">M\u00f6gliche Themen sind die Unternehmensfinanzierung &#8211; inklusive \u00f6ffentlicher F\u00f6rdermittel &#8211; betriebswirtschaftliche und technologische Fragen, die Unternehmens\u00fcbergabe beziehungsweise \u2013\u00fcbernahme sowie der Zugang zu Hochschul-Know-how. Die Beratung \u00fcber einen geeigneten Standort und beh\u00f6rdliche Genehmigungsverfahren runden das Angebot ab.<\/span><\/p>\n<p><span style=\"font-family: Agfa Rotis Sans Serif; font-size: small;\">Innerhalb eines Termins k\u00f6nnen Unternehmer wichtige Informationen zu ganz unterschiedlichen Themen erhalten. Die WIBank bringt ihre Expertise im Bereich F\u00f6rdermittel ein, die IHK, HWK und das RKW erg\u00e4nzen spezifische Branchen- und Unternehmenskenntnisse.<\/span><\/p>\n<p><span style=\"font-family: Agfa Rotis Sans Serif; font-size: small;\">Damit sich die Gespr\u00e4chspartner auf das konkrete Anliegen vorbereiten k\u00f6nnen, ist es sinnvoll, es kurz zu beschreiben. Anmeldungen bei der IHK Fulda unter der Telefonnummer 0661 284-15. Ansprechpartnerin ist Sabrina K\u00fcmmel-Naderer, E-Mail an: <a href=\"mailto:kuemmel-naderer@fulda.ihk.de\">kuemmel-naderer@fulda.ihk.de<\/a>.<\/span><br \/>\n<a href=\"x-webdoc:\/\/862ABC51-1A38-44C2-A10F-459C128FCDF0\/www.ihk-fulda.de\"><span style=\"font-family: Agfa Rotis Sans Serif; font-size: small;\">www.ihk-fulda.de<\/span><\/a><span style=\"font-family: Agfa Rotis Sans Serif; font-size: small;\">, Dokumentennummer 128107348.<\/span><\/p>\n","protected":false},"excerpt":{"rendered":"<div class=\"tmnf_excerpt\"><p>Am Freitag, 26. Oktober 2018, k\u00f6nnen sich Inhaber und Gesch\u00e4ftsf\u00fchrer kleiner und mittlerer Unternehmen ab 08:30 Uhr in der IHK Fulda, Heinrichstra\u00dfe 8, 36037 Fulda, nach Anmeldung in Einzelterminen kostenlos beraten lassen. Experten der Wirtschafts- und Infrastrukturbank Hessen (WIBank), der Industrie- und Handelskammer (IHK) Fulda, der Handwerkskammer Kassel (HWK) sowie des Rationalisierungs- und Innovationszentrums der &hellip;<\/p>\n<\/div>","protected":false},"author":1,"featured_media":0,"comment_status":"closed","ping_status":"closed","sticky":false,"template":"","format":"standard","meta":{"footnotes":""},"categories":[1],"tags":[],"class_list":["post-176550","post","type-post","status-publish","format-standard","hentry","category-startseite"],"_links":{"self":[{"href":"https:\/\/www.fuldaernachrichten.de\/index.php?rest_route=\/wp\/v2\/posts\/176550","targetHints":{"allow":["GET"]}}],"collection":[{"href":"https:\/\/www.fuldaernachrichten.de\/index.php?rest_route=\/wp\/v2\/posts"}],"about":[{"href":"https:\/\/www.fuldaernachrichten.de\/index.php?rest_route=\/wp\/v2\/types\/post"}],"author":[{"embeddable":true,"href":"https:\/\/www.fuldaernachrichten.de\/index.php?rest_route=\/wp\/v2\/users\/1"}],"replies":[{"embeddable":true,"href":"https:\/\/www.fuldaernachrichten.de\/index.php?rest_route=%2Fwp%2Fv2%2Fcomments&post=176550"}],"version-history":[{"count":1,"href":"https:\/\/www.fuldaernachrichten.de\/index.php?rest_route=\/wp\/v2\/posts\/176550\/revisions"}],"predecessor-version":[{"id":176551,"href":"https:\/\/www.fuldaernachrichten.de\/index.php?rest_route=\/wp\/v2\/posts\/176550\/revisions\/176551"}],"wp:attachment":[{"href":"https:\/\/www.fuldaernachrichten.de\/index.php?rest_route=%2Fwp%2Fv2%2Fmedia&parent=176550"}],"wp:term":[{"taxonomy":"category","embeddable":true,"href":"https:\/\/www.fuldaernachrichten.de\/index.php?rest_route=%2Fwp%2Fv2%2Fcategories&post=176550"},{"taxonomy":"post_tag","embeddable":true,"href":"https:\/\/www.fuldaernachrichten.de\/index.php?rest_route=%2Fwp%2Fv2%2Ftags&post=176550"}],"curies":[{"name":"wp","href":"https:\/\/api.w.org\/{rel}","templated":true}]}}