{"id":176527,"date":"2018-10-22T17:01:39","date_gmt":"2018-10-22T15:01:39","guid":{"rendered":"http:\/\/www.fuldaer-nachrichten.de\/?p=176527"},"modified":"2018-10-22T17:01:39","modified_gmt":"2018-10-22T15:01:39","slug":"wegen-der-wahlkampfveranstaltung-mit-der-bundeskanzlerin-zieherser-weg-am-donnersstag-voll-gesperrt","status":"publish","type":"post","link":"https:\/\/www.fuldaernachrichten.de\/?p=176527","title":{"rendered":"Wegen der Wahlkampfveranstaltung mit der Bundeskanzlerin &#8211; Zieherser Weg am Donnersstag voll gesperrt"},"content":{"rendered":"<p>Wegen einer Wahlkampfveranstaltung mit Bundeskanzlerin Angela Merkel in Fulda wird der Zieherser Weg zwischen den Einm\u00fcndungen Magdeburger Stra\u00dfe und Stra\u00dfe \u201eAn der Richthalle\u201c am Donnerstag, 25. Oktober von 12 Uhr bis ca. 18 Uhr voll gesperrt.<\/p>\n<p>Das Parkhaus \u201eRichthalle\u201c kann in diesem Zeitraum nur \u00fcber die Petersberger Stra\u00dfe (B 254) kommend angefahren werden. Die Ausfahrt ist ebenfalls nur in Richtung Petersberger Stra\u00dfe m\u00f6glich.<\/p>\n<p>Das Parkhaus \u201eEsperanto\u201c kann nur direkt \u00fcber die Magdeburger Stra\u00dfe in H\u00f6he der DB-Unterf\u00fchrung angefahren werden. Auch die Ausfahrt ist nur dort m\u00f6glich.<\/p>\n<p>S\u00e4mtliche Parkpl\u00e4tze in der Esperantostra\u00dfe stehen am Donnerstag, 25. Oktober 2018 nicht zur Verf\u00fcgung. Widerrechtlich dort parkende Fahrzeuge werden kostenpflichtig abgeschleppt.<\/p>\n<p>Als alternative Parkm\u00f6glichkeiten stehen das Parkhaus und der Parkplatz \u201eOchsenwiese\u201c zur Verf\u00fcgung.<\/p>\n","protected":false},"excerpt":{"rendered":"<div class=\"tmnf_excerpt\"><p>Wegen einer Wahlkampfveranstaltung mit Bundeskanzlerin Angela Merkel in Fulda wird der Zieherser Weg zwischen den Einm\u00fcndungen Magdeburger Stra\u00dfe und Stra\u00dfe \u201eAn der Richthalle\u201c am Donnerstag, 25. Oktober von 12 Uhr bis ca. 18 Uhr voll gesperrt. Das Parkhaus \u201eRichthalle\u201c kann in diesem Zeitraum nur \u00fcber die Petersberger Stra\u00dfe (B 254) kommend angefahren werden. Die Ausfahrt &hellip;<\/p>\n<\/div>","protected":false},"author":1,"featured_media":0,"comment_status":"closed","ping_status":"closed","sticky":false,"template":"","format":"standard","meta":{"footnotes":""},"categories":[1],"tags":[],"class_list":["post-176527","post","type-post","status-publish","format-standard","hentry","category-startseite"],"_links":{"self":[{"href":"https:\/\/www.fuldaernachrichten.de\/index.php?rest_route=\/wp\/v2\/posts\/176527","targetHints":{"allow":["GET"]}}],"collection":[{"href":"https:\/\/www.fuldaernachrichten.de\/index.php?rest_route=\/wp\/v2\/posts"}],"about":[{"href":"https:\/\/www.fuldaernachrichten.de\/index.php?rest_route=\/wp\/v2\/types\/post"}],"author":[{"embeddable":true,"href":"https:\/\/www.fuldaernachrichten.de\/index.php?rest_route=\/wp\/v2\/users\/1"}],"replies":[{"embeddable":true,"href":"https:\/\/www.fuldaernachrichten.de\/index.php?rest_route=%2Fwp%2Fv2%2Fcomments&post=176527"}],"version-history":[{"count":1,"href":"https:\/\/www.fuldaernachrichten.de\/index.php?rest_route=\/wp\/v2\/posts\/176527\/revisions"}],"predecessor-version":[{"id":176528,"href":"https:\/\/www.fuldaernachrichten.de\/index.php?rest_route=\/wp\/v2\/posts\/176527\/revisions\/176528"}],"wp:attachment":[{"href":"https:\/\/www.fuldaernachrichten.de\/index.php?rest_route=%2Fwp%2Fv2%2Fmedia&parent=176527"}],"wp:term":[{"taxonomy":"category","embeddable":true,"href":"https:\/\/www.fuldaernachrichten.de\/index.php?rest_route=%2Fwp%2Fv2%2Fcategories&post=176527"},{"taxonomy":"post_tag","embeddable":true,"href":"https:\/\/www.fuldaernachrichten.de\/index.php?rest_route=%2Fwp%2Fv2%2Ftags&post=176527"}],"curies":[{"name":"wp","href":"https:\/\/api.w.org\/{rel}","templated":true}]}}