{"id":176062,"date":"2018-10-03T20:12:47","date_gmt":"2018-10-03T18:12:47","guid":{"rendered":"http:\/\/www.fuldaer-nachrichten.de\/?p=176062"},"modified":"2018-10-03T20:12:47","modified_gmt":"2018-10-03T18:12:47","slug":"reisecafe-erinnerungen-austauschen-und-erster-vorblick-auf-die-saison-2019","status":"publish","type":"post","link":"https:\/\/www.fuldaernachrichten.de\/?p=176062","title":{"rendered":"Reisecaf\u00e9: Erinnerungen austauschen und erster Vorblick auf die Saison 2019"},"content":{"rendered":"<p>Am Donnerstag, dem 18. Oktober 2018 findet von 14 bis 16.30 Uhr im Fuldaer Caritas-Altenpflegeheim St. Josef in der Buseckerstra\u00dfe 12-14 erneut ein Reisecaf\u00e9 der Caritas-Seniorenreisen statt. Herzlich dazu eingeladen sind sowohl Seniorinnen und Senioren, die bereits an Caritas-Reisen teilgenommen haben, als auch Neulinge, die sich f\u00fcr die\u00c2\u00a0 kommenden Reiseangebote in der neuen Saison 2019 interessieren: Seniorenreisen der Caritas sind speziell auf die W\u00fcnsche und Bedarfe \u00e4lterer Menschen zugeschnitten, die im gesch\u00fctzten Rahmen und gemeinsam mit Gleichgesinnten Erholung finden wollen, ohne dabei Reisestress und aufwendige Planungsprozesse zu haben. Alle Caritas-Seniorenreisen werden zudem von ehrenamtlichen Mitarbeiterinnen der Caritas begleitet, so dass die Senioren unterwegs immer direkte Ansprechpartner haben, wenn sie R\u00fcckfragen haben oder ein Problem zu l\u00f6sen ist.<\/p>\n<p>\u201eUnsere erkl\u00e4rte konzeptionelle Zielsetzung ist es\u201c, betont Di\u00f6zesan-Caritasdirektor Dr. Markus Juch zur Intention der Seniorenreisen, \u201edass \u00e4ltere Menschen, auch wenn sie aufgrund ihrer Einschr\u00e4nkungen von den \u00fcblichen Reiseangeboten der Tourismusbranche ausgeschlossen sind oder sich nicht mehr trauen diese zu nutzen, dennoch Erholungsreisen und Gemeinschaft mit anderen Menschen unterwegs erfahren k\u00f6nnen\u201c.<\/p>\n<p>Beim Reise-Caf\u00e9 haben die Teilnehmer die M\u00f6glichkeit, sich \u00fcber die vergangenen Reisen auszutauschen, Bekannte wieder zu treffen und sich bei Kaffee und Kuchen in gem\u00fctlicher Atmosph\u00e4re gleichzeitig \u00fcber die neuen Reiseziele f\u00fcr das Jahr 2019 zu informieren. Die Reisebegleiterinnen nehmen ebenfalls am Reisecaf\u00e8 teil, um den Seniorinnen und Senioren allgemeine Informationen zum organisatorischen Ablauf der Fahrten zu geben, die vielf\u00e4ltigen Angebote des neuen Programms vorzustellen sowie erinnerungsreiche Fotos zu pr\u00e4sentieren. Einige ehrenamtliche Reisebegleiterinnen stellen sich zudem bei der Veranstaltung dem Forum vor. Gerne werden auch Tipps f\u00fcr gew\u00fcnschte Reiseziele der Seniorinnen und Senioren angenommen. Der neue Katalog f\u00fcr die Caritas-Seniorenreisen 2019 wird voraussichtlich im November 2018 erscheinen.<\/p>\n<p>Die Teilnahme am Reisecaf\u00e9 ist kostenlos und unverbindlich. Aus organisatorischen Gr\u00fcnden wird aber gebeten, sich kurz telefonisch oder schriftlich zum Reisecaf\u00e8 anzumelden: Tel. 0661\/2428-131, E-Mail: <a href=\"mailto:simone.moeller@caritas-fulda.de\">simone.moeller@caritas-fulda.de<\/a>.<\/p>\n","protected":false},"excerpt":{"rendered":"<div class=\"tmnf_excerpt\"><p>Am Donnerstag, dem 18. Oktober 2018 findet von 14 bis 16.30 Uhr im Fuldaer Caritas-Altenpflegeheim St. Josef in der Buseckerstra\u00dfe 12-14 erneut ein Reisecaf\u00e9 der Caritas-Seniorenreisen statt. Herzlich dazu eingeladen sind sowohl Seniorinnen und Senioren, die bereits an Caritas-Reisen teilgenommen haben, als auch Neulinge, die sich f\u00fcr die\u00c2\u00a0 kommenden Reiseangebote in der neuen Saison 2019 &hellip;<\/p>\n<\/div>","protected":false},"author":1,"featured_media":176063,"comment_status":"closed","ping_status":"closed","sticky":false,"template":"","format":"standard","meta":{"footnotes":""},"categories":[1],"tags":[],"class_list":["post-176062","post","type-post","status-publish","format-standard","has-post-thumbnail","hentry","category-startseite"],"_links":{"self":[{"href":"https:\/\/www.fuldaernachrichten.de\/index.php?rest_route=\/wp\/v2\/posts\/176062","targetHints":{"allow":["GET"]}}],"collection":[{"href":"https:\/\/www.fuldaernachrichten.de\/index.php?rest_route=\/wp\/v2\/posts"}],"about":[{"href":"https:\/\/www.fuldaernachrichten.de\/index.php?rest_route=\/wp\/v2\/types\/post"}],"author":[{"embeddable":true,"href":"https:\/\/www.fuldaernachrichten.de\/index.php?rest_route=\/wp\/v2\/users\/1"}],"replies":[{"embeddable":true,"href":"https:\/\/www.fuldaernachrichten.de\/index.php?rest_route=%2Fwp%2Fv2%2Fcomments&post=176062"}],"version-history":[{"count":1,"href":"https:\/\/www.fuldaernachrichten.de\/index.php?rest_route=\/wp\/v2\/posts\/176062\/revisions"}],"predecessor-version":[{"id":176064,"href":"https:\/\/www.fuldaernachrichten.de\/index.php?rest_route=\/wp\/v2\/posts\/176062\/revisions\/176064"}],"wp:featuredmedia":[{"embeddable":true,"href":"https:\/\/www.fuldaernachrichten.de\/index.php?rest_route=\/wp\/v2\/media\/176063"}],"wp:attachment":[{"href":"https:\/\/www.fuldaernachrichten.de\/index.php?rest_route=%2Fwp%2Fv2%2Fmedia&parent=176062"}],"wp:term":[{"taxonomy":"category","embeddable":true,"href":"https:\/\/www.fuldaernachrichten.de\/index.php?rest_route=%2Fwp%2Fv2%2Fcategories&post=176062"},{"taxonomy":"post_tag","embeddable":true,"href":"https:\/\/www.fuldaernachrichten.de\/index.php?rest_route=%2Fwp%2Fv2%2Ftags&post=176062"}],"curies":[{"name":"wp","href":"https:\/\/api.w.org\/{rel}","templated":true}]}}