{"id":176059,"date":"2018-10-03T20:11:00","date_gmt":"2018-10-03T18:11:00","guid":{"rendered":"http:\/\/www.fuldaer-nachrichten.de\/?p=176059"},"modified":"2018-10-03T20:11:00","modified_gmt":"2018-10-03T18:11:00","slug":"kammerensemble-franziska-frueh-streichquintette","status":"publish","type":"post","link":"https:\/\/www.fuldaernachrichten.de\/?p=176059","title":{"rendered":"Kammerensemble Franziska Fr\u00fch \u2013 Streichquintette"},"content":{"rendered":"<p>Am Sonntag, 14. Oktober 2018 um 18.00 Uhr veranstaltet das Kulturamt Fulda ein Kammerkonzert mit dem Ensemble Franziska Fr\u00fch in der Kapelle des Vonderau Museums, Jesuitenplatz 2, 36037 in Fulda.<\/p>\n<p>Das Kammerensemble Franziska Fr\u00fch setzt sich aus befreundeten MusikerInnen verschiedener professioneller Orchester zusammen, die sich projektbezogen zusammenfinden, um Kammermusik in verschiedenster Besetzung einzustudieren und aufzuf\u00fchren. Besonderer Wert bei der Auswahl der Werke wird dabei auch auf unbekanntere oder zu Unrecht in Vergessenheit geratene Kompositionen gelegt.<\/p>\n<p>Franziska Fr\u00fch studierte in Berlin, D\u00fcsseldorf und New York, bevor sie im April 1996 die Position einer 1. Konzertmeisterin der D\u00fcsseldorfer Symphoniker erhielt.<\/p>\n<p>In seinem Konzert in der Kapelle des Vonderau Museums Fulda bietet das Kammerensemble Franziska Fr\u00fch Streichquintette der Romantik von Friedrich Gernsheim (1839-1916) und August Klughardt (1847-1902).<\/p>\n<p>Mit Franziska Fr\u00fch spielen Daniel Kroh (Staatsphilharmonie Ludwigshafen), Katja und Christof Kuen (Bamberger Symphoniker) und Ulrich Schreiner (Radiophilharmonie Saarbr\u00fccken).<\/p>\n<p>Karten zu diesem Konzert sind in den Gesch\u00e4ftsstellen der Fuldaer Zeitung (Peterstor und Frankfurter Stra\u00dfe) erh\u00e4ltlich (\u00e2\u201a\u00ac 12, erm\u00e4\u00dfigt \u00e2\u201a\u00ac 10) sowie an der Abendkasse (\u00e2\u201a\u00ac 14, erm\u00e4\u00dfigt \u00e2\u201a\u00ac 12).<\/p>\n","protected":false},"excerpt":{"rendered":"<div class=\"tmnf_excerpt\"><p>Am Sonntag, 14. Oktober 2018 um 18.00 Uhr veranstaltet das Kulturamt Fulda ein Kammerkonzert mit dem Ensemble Franziska Fr\u00fch in der Kapelle des Vonderau Museums, Jesuitenplatz 2, 36037 in Fulda. Das Kammerensemble Franziska Fr\u00fch setzt sich aus befreundeten MusikerInnen verschiedener professioneller Orchester zusammen, die sich projektbezogen zusammenfinden, um Kammermusik in verschiedenster Besetzung einzustudieren und aufzuf\u00fchren. &hellip;<\/p>\n<\/div>","protected":false},"author":1,"featured_media":176060,"comment_status":"closed","ping_status":"closed","sticky":false,"template":"","format":"standard","meta":{"footnotes":""},"categories":[1],"tags":[],"class_list":["post-176059","post","type-post","status-publish","format-standard","has-post-thumbnail","hentry","category-startseite"],"_links":{"self":[{"href":"https:\/\/www.fuldaernachrichten.de\/index.php?rest_route=\/wp\/v2\/posts\/176059","targetHints":{"allow":["GET"]}}],"collection":[{"href":"https:\/\/www.fuldaernachrichten.de\/index.php?rest_route=\/wp\/v2\/posts"}],"about":[{"href":"https:\/\/www.fuldaernachrichten.de\/index.php?rest_route=\/wp\/v2\/types\/post"}],"author":[{"embeddable":true,"href":"https:\/\/www.fuldaernachrichten.de\/index.php?rest_route=\/wp\/v2\/users\/1"}],"replies":[{"embeddable":true,"href":"https:\/\/www.fuldaernachrichten.de\/index.php?rest_route=%2Fwp%2Fv2%2Fcomments&post=176059"}],"version-history":[{"count":1,"href":"https:\/\/www.fuldaernachrichten.de\/index.php?rest_route=\/wp\/v2\/posts\/176059\/revisions"}],"predecessor-version":[{"id":176061,"href":"https:\/\/www.fuldaernachrichten.de\/index.php?rest_route=\/wp\/v2\/posts\/176059\/revisions\/176061"}],"wp:featuredmedia":[{"embeddable":true,"href":"https:\/\/www.fuldaernachrichten.de\/index.php?rest_route=\/wp\/v2\/media\/176060"}],"wp:attachment":[{"href":"https:\/\/www.fuldaernachrichten.de\/index.php?rest_route=%2Fwp%2Fv2%2Fmedia&parent=176059"}],"wp:term":[{"taxonomy":"category","embeddable":true,"href":"https:\/\/www.fuldaernachrichten.de\/index.php?rest_route=%2Fwp%2Fv2%2Fcategories&post=176059"},{"taxonomy":"post_tag","embeddable":true,"href":"https:\/\/www.fuldaernachrichten.de\/index.php?rest_route=%2Fwp%2Fv2%2Ftags&post=176059"}],"curies":[{"name":"wp","href":"https:\/\/api.w.org\/{rel}","templated":true}]}}