{"id":176039,"date":"2018-10-03T19:58:16","date_gmt":"2018-10-03T17:58:16","guid":{"rendered":"http:\/\/www.fuldaer-nachrichten.de\/?p=176039"},"modified":"2018-10-03T19:58:16","modified_gmt":"2018-10-03T17:58:16","slug":"sozial-ist-trumpf-benefiz-skatturnier-des-bdh-bundesverband-rehabilitation-in-fulda","status":"publish","type":"post","link":"https:\/\/www.fuldaernachrichten.de\/?p=176039","title":{"rendered":"Sozial ist Trumpf &#8211; Benefiz-Skatturnier des BDH Bundesverband Rehabilitation in Fulda"},"content":{"rendered":"<p>Am 11. Oktober 2018 um 19.00 Uhr findet im Esperanto-Hotel- und Kongresszentrum in Fulda ein f\u00fcr alle offenes Benefiz-Skatturnier des BDH Bundesverband Rehabilitation statt. Im Rahmen seiner Bundesdelegiertentagung richtet der BDH das Turnier zugunsten seiner Stiftung aus, die in Fulda den Bau einer Tagesf\u00f6rderst\u00e4tte f\u00fcr Menschen mit erworbenem Hirnschaden unterst\u00fctzt. Tr\u00e4ger der Einrichtung ist der Caritas-Verband f\u00fcr die Di\u00f6zese Fulda e.V..<\/p>\n<p>Neben den Delegierten des BDH aus ganz Deutschland sind alle begeisterten Skatspielerinnen und Skatspieler aus Fulda und Umgebung herzlich eingeladen, einen z\u00fcnftigen Skatabend f\u00fcr einen guten Zweck zu verbringen. \u201eDer Spa\u00df am Skatspielen soll hier im Vordergrund stehen\u201c so Ilse M\u00fcller, die Bundevorsitzende des BDH.<\/p>\n<p>Die Startgeb\u00fchr betr\u00e4gt 10 \u00e2\u201a\u00ac, es darf aber gerne mehr gezahlt werden. Alle Einnahmen gehen zu 100% in das Projekt \u201eTagesf\u00f6rderst\u00e4tte\u201c der BDH-Stiftung. Den bestplatzierten drei Spielern winkt zudem ein angemessener Preis.<\/p>\n<p>&nbsp;<\/p>\n<p><em>Der BDH vertritt seit \u00fcber 90 Jahren als Sozialverband die Interessen von Menschen mit Behinderung. Er ist eine unabh\u00e4ngige, gemeinn\u00fctzige Selbsthilfeorganisation und Solidargemeinschaft. In f\u00fcnf neurologischen Fachkliniken und einem ambulanten Therapiezentrum wurden j\u00e4hrlich mehr als 10.000 Menschen behandelt. In einem bundesweiten Netz von Kreisverb\u00e4nden finden von Behinderung und Krankheit betroffene Menschen Aufkl\u00e4rung, Beratung und Hilfe. Der BDH-Kreisverband Fulda hat seine Gesch\u00e4ftsstelle in Fulda am Gallasiniring.<\/em><\/p>\n","protected":false},"excerpt":{"rendered":"<div class=\"tmnf_excerpt\"><p>Am 11. Oktober 2018 um 19.00 Uhr findet im Esperanto-Hotel- und Kongresszentrum in Fulda ein f\u00fcr alle offenes Benefiz-Skatturnier des BDH Bundesverband Rehabilitation statt. Im Rahmen seiner Bundesdelegiertentagung richtet der BDH das Turnier zugunsten seiner Stiftung aus, die in Fulda den Bau einer Tagesf\u00f6rderst\u00e4tte f\u00fcr Menschen mit erworbenem Hirnschaden unterst\u00fctzt. Tr\u00e4ger der Einrichtung ist der &hellip;<\/p>\n<\/div>","protected":false},"author":1,"featured_media":0,"comment_status":"closed","ping_status":"closed","sticky":false,"template":"","format":"standard","meta":{"footnotes":""},"categories":[1],"tags":[],"class_list":["post-176039","post","type-post","status-publish","format-standard","hentry","category-startseite"],"_links":{"self":[{"href":"https:\/\/www.fuldaernachrichten.de\/index.php?rest_route=\/wp\/v2\/posts\/176039","targetHints":{"allow":["GET"]}}],"collection":[{"href":"https:\/\/www.fuldaernachrichten.de\/index.php?rest_route=\/wp\/v2\/posts"}],"about":[{"href":"https:\/\/www.fuldaernachrichten.de\/index.php?rest_route=\/wp\/v2\/types\/post"}],"author":[{"embeddable":true,"href":"https:\/\/www.fuldaernachrichten.de\/index.php?rest_route=\/wp\/v2\/users\/1"}],"replies":[{"embeddable":true,"href":"https:\/\/www.fuldaernachrichten.de\/index.php?rest_route=%2Fwp%2Fv2%2Fcomments&post=176039"}],"version-history":[{"count":1,"href":"https:\/\/www.fuldaernachrichten.de\/index.php?rest_route=\/wp\/v2\/posts\/176039\/revisions"}],"predecessor-version":[{"id":176040,"href":"https:\/\/www.fuldaernachrichten.de\/index.php?rest_route=\/wp\/v2\/posts\/176039\/revisions\/176040"}],"wp:attachment":[{"href":"https:\/\/www.fuldaernachrichten.de\/index.php?rest_route=%2Fwp%2Fv2%2Fmedia&parent=176039"}],"wp:term":[{"taxonomy":"category","embeddable":true,"href":"https:\/\/www.fuldaernachrichten.de\/index.php?rest_route=%2Fwp%2Fv2%2Fcategories&post=176039"},{"taxonomy":"post_tag","embeddable":true,"href":"https:\/\/www.fuldaernachrichten.de\/index.php?rest_route=%2Fwp%2Fv2%2Ftags&post=176039"}],"curies":[{"name":"wp","href":"https:\/\/api.w.org\/{rel}","templated":true}]}}