{"id":176024,"date":"2018-10-03T19:50:47","date_gmt":"2018-10-03T17:50:47","guid":{"rendered":"http:\/\/www.fuldaer-nachrichten.de\/?p=176024"},"modified":"2018-10-03T19:50:47","modified_gmt":"2018-10-03T17:50:47","slug":"neuer-jugendvorstand-gewaehlt","status":"publish","type":"post","link":"https:\/\/www.fuldaernachrichten.de\/?p=176024","title":{"rendered":"Neuer Jugendvorstand gew\u00e4hlt"},"content":{"rendered":"<p>W\u00e4hrend der au\u00dferordentlichen Jugendvollversammlung stellte Lena Herke, Vorstandsmitglied der Sportjugend Hessen einige Angebote ihres Verantwortungsbereiches vor, wie das 100-H\u00e4nde-Wochenende, \u201eN\u00e4her dran\u201c \u2013 ein Projekt in Zusammenarbeit mit der AOK Hessen oder die Ausbildung zum\/zur Sportassistent\/-in im Oktober-November 2018 in Fulda (30 UE).<br \/>\nAuch findet vom 12. \u2013 14.10.2018 eine Fahrt an den Edersee statt \u2013 wo noch einige Pl\u00e4tze frei w\u00e4ren.<\/p>\n<p>Danach findet die Wahl zum neuen Jugendvorstand statt.<br \/>\nIm Amt best\u00e4tigt werden einstimmig die beiden Jugendwarte Karina Schulz und Nik Scherf. Als Jugendsprecherin wird Stina Knittel gew\u00e4hlt. Ferner wird Mika M\u00fcller als Projektmitarbeiter bestimmt.<\/p>\n<p>Darauf stellt der neu gew\u00e4hlte Vorstand seine Ideen f\u00fcr die k\u00fcnftige Arbeit im Sportkreis vor:<br \/>\nKinderolympiade im Kindergarten und in der Grundschule, Volleyballturnier im Rosenbad Fulda, V\u00f6lkerballturnier in Grundschulen, Jugend-Skifreizeit f\u00fcr benachteiligte Kinder (Sport f\u00fcr Kinder), Juleica-Ausbildung und Mitarbeit am Familientag in Fulda am 14. September 2019.<\/p>\n<p>Harald Piaskowski, Vorsitzender des Sportkreises Fulda-H\u00fcnfeld e.V. f\u00fchrte durch die Versammlung und bedankte sich abschlie\u00dfend ganz herzlich und war sichtlich erleichtert f\u00fcr die Gr\u00fcndung des neuen Jugendvorstandes und hofft auf gute aktive Zusammenarbeit.<\/p>\n","protected":false},"excerpt":{"rendered":"<div class=\"tmnf_excerpt\"><p>W\u00e4hrend der au\u00dferordentlichen Jugendvollversammlung stellte Lena Herke, Vorstandsmitglied der Sportjugend Hessen einige Angebote ihres Verantwortungsbereiches vor, wie das 100-H\u00e4nde-Wochenende, \u201eN\u00e4her dran\u201c \u2013 ein Projekt in Zusammenarbeit mit der AOK Hessen oder die Ausbildung zum\/zur Sportassistent\/-in im Oktober-November 2018 in Fulda (30 UE). Auch findet vom 12. \u2013 14.10.2018 eine Fahrt an den Edersee statt \u2013 &hellip;<\/p>\n<\/div>","protected":false},"author":1,"featured_media":176025,"comment_status":"closed","ping_status":"closed","sticky":false,"template":"","format":"standard","meta":{"footnotes":""},"categories":[1],"tags":[],"class_list":["post-176024","post","type-post","status-publish","format-standard","has-post-thumbnail","hentry","category-startseite"],"_links":{"self":[{"href":"https:\/\/www.fuldaernachrichten.de\/index.php?rest_route=\/wp\/v2\/posts\/176024","targetHints":{"allow":["GET"]}}],"collection":[{"href":"https:\/\/www.fuldaernachrichten.de\/index.php?rest_route=\/wp\/v2\/posts"}],"about":[{"href":"https:\/\/www.fuldaernachrichten.de\/index.php?rest_route=\/wp\/v2\/types\/post"}],"author":[{"embeddable":true,"href":"https:\/\/www.fuldaernachrichten.de\/index.php?rest_route=\/wp\/v2\/users\/1"}],"replies":[{"embeddable":true,"href":"https:\/\/www.fuldaernachrichten.de\/index.php?rest_route=%2Fwp%2Fv2%2Fcomments&post=176024"}],"version-history":[{"count":1,"href":"https:\/\/www.fuldaernachrichten.de\/index.php?rest_route=\/wp\/v2\/posts\/176024\/revisions"}],"predecessor-version":[{"id":176026,"href":"https:\/\/www.fuldaernachrichten.de\/index.php?rest_route=\/wp\/v2\/posts\/176024\/revisions\/176026"}],"wp:featuredmedia":[{"embeddable":true,"href":"https:\/\/www.fuldaernachrichten.de\/index.php?rest_route=\/wp\/v2\/media\/176025"}],"wp:attachment":[{"href":"https:\/\/www.fuldaernachrichten.de\/index.php?rest_route=%2Fwp%2Fv2%2Fmedia&parent=176024"}],"wp:term":[{"taxonomy":"category","embeddable":true,"href":"https:\/\/www.fuldaernachrichten.de\/index.php?rest_route=%2Fwp%2Fv2%2Fcategories&post=176024"},{"taxonomy":"post_tag","embeddable":true,"href":"https:\/\/www.fuldaernachrichten.de\/index.php?rest_route=%2Fwp%2Fv2%2Ftags&post=176024"}],"curies":[{"name":"wp","href":"https:\/\/api.w.org\/{rel}","templated":true}]}}