{"id":176020,"date":"2018-10-03T19:48:42","date_gmt":"2018-10-03T17:48:42","guid":{"rendered":"http:\/\/www.fuldaer-nachrichten.de\/?p=176020"},"modified":"2018-10-03T19:48:42","modified_gmt":"2018-10-03T17:48:42","slug":"workshop-selbstbewusst-selbststaendig-sozial-im-muetterzentrum-e-v-die-muetze","status":"publish","type":"post","link":"https:\/\/www.fuldaernachrichten.de\/?p=176020","title":{"rendered":"Workshop \u201eSelbstbewusst-selbstst\u00e4ndig-sozial\u201c im M\u00fctterzentrum e. V. \u2013 \u201eDie M\u00dcTZE\u201c"},"content":{"rendered":"<p>Das M\u00fctterzentrum \u201eDie M\u00dcTZE\u201c, Gallasiniring 8, in Fulda bietet am Donnerstag, 18.10.18 in der Zeit von 20.00 -21.30 Uhr einen Erziehungsworkshop zum Thema: Selbstbewusst-selbstst\u00e4ndig-sozial an. Man w\u00fcnscht sich, dass die Kinder zu selbstst\u00e4ndigen, selbstbewussten und sozialen Menschen heranwachsen. Wie, wann und mit welchen Mitteln und Wegen kann man die Kinder in der Erziehung dabei unterst\u00fctzen? Im diesem Workshop setzen sich die Kursteilnehmer\/Innen gemeinsam mit diesem Thema auseinander.<br \/>\nEine Anmeldung ist sp\u00e4testens eine Woche vor Beginn des Kurses erforderlich, Anmeldung und n\u00e4here Informationen unter Tel. 0661\/8050, Mo. \u2013 Fr. 9.00 \u2013 13.30 Uhr.<\/p>\n","protected":false},"excerpt":{"rendered":"<div class=\"tmnf_excerpt\"><p>Das M\u00fctterzentrum \u201eDie M\u00dcTZE\u201c, Gallasiniring 8, in Fulda bietet am Donnerstag, 18.10.18 in der Zeit von 20.00 -21.30 Uhr einen Erziehungsworkshop zum Thema: Selbstbewusst-selbstst\u00e4ndig-sozial an. Man w\u00fcnscht sich, dass die Kinder zu selbstst\u00e4ndigen, selbstbewussten und sozialen Menschen heranwachsen. Wie, wann und mit welchen Mitteln und Wegen kann man die Kinder in der Erziehung dabei unterst\u00fctzen? &hellip;<\/p>\n<\/div>","protected":false},"author":1,"featured_media":0,"comment_status":"closed","ping_status":"closed","sticky":false,"template":"","format":"standard","meta":{"footnotes":""},"categories":[1],"tags":[],"class_list":["post-176020","post","type-post","status-publish","format-standard","hentry","category-startseite"],"_links":{"self":[{"href":"https:\/\/www.fuldaernachrichten.de\/index.php?rest_route=\/wp\/v2\/posts\/176020","targetHints":{"allow":["GET"]}}],"collection":[{"href":"https:\/\/www.fuldaernachrichten.de\/index.php?rest_route=\/wp\/v2\/posts"}],"about":[{"href":"https:\/\/www.fuldaernachrichten.de\/index.php?rest_route=\/wp\/v2\/types\/post"}],"author":[{"embeddable":true,"href":"https:\/\/www.fuldaernachrichten.de\/index.php?rest_route=\/wp\/v2\/users\/1"}],"replies":[{"embeddable":true,"href":"https:\/\/www.fuldaernachrichten.de\/index.php?rest_route=%2Fwp%2Fv2%2Fcomments&post=176020"}],"version-history":[{"count":1,"href":"https:\/\/www.fuldaernachrichten.de\/index.php?rest_route=\/wp\/v2\/posts\/176020\/revisions"}],"predecessor-version":[{"id":176021,"href":"https:\/\/www.fuldaernachrichten.de\/index.php?rest_route=\/wp\/v2\/posts\/176020\/revisions\/176021"}],"wp:attachment":[{"href":"https:\/\/www.fuldaernachrichten.de\/index.php?rest_route=%2Fwp%2Fv2%2Fmedia&parent=176020"}],"wp:term":[{"taxonomy":"category","embeddable":true,"href":"https:\/\/www.fuldaernachrichten.de\/index.php?rest_route=%2Fwp%2Fv2%2Fcategories&post=176020"},{"taxonomy":"post_tag","embeddable":true,"href":"https:\/\/www.fuldaernachrichten.de\/index.php?rest_route=%2Fwp%2Fv2%2Ftags&post=176020"}],"curies":[{"name":"wp","href":"https:\/\/api.w.org\/{rel}","templated":true}]}}