{"id":176013,"date":"2018-10-03T19:45:58","date_gmt":"2018-10-03T17:45:58","guid":{"rendered":"http:\/\/www.fuldaer-nachrichten.de\/?p=176013"},"modified":"2018-10-03T19:45:58","modified_gmt":"2018-10-03T17:45:58","slug":"einbahnstrassenregelung-in-der-koenig-konrad-strasse","status":"publish","type":"post","link":"https:\/\/www.fuldaernachrichten.de\/?p=176013","title":{"rendered":"Einbahnstra\u00dfenregelung in der K\u00f6nig-Konrad-Stra\u00dfe"},"content":{"rendered":"<p>In der K\u00f6nig-Konrad-Stra\u00dfe wird von der Einm\u00fcndung Salzburger Stra\u00dfe bis zur Kurve auf dem Aschenbergplateau am Donnerstag, 04. Oktober 2018 und Freitag, 05. Oktober 2018 eine neue Asphaltdecke eingebaut.<\/p>\n<p>Der Einbau erfolgt unter einer Einbahnstra\u00dfenregelung in Fahrtrichtung \u201ebergauf\u201c.<\/p>\n<p>Verkehrsteilnehmer in Fahrtrichtung Fulda-Horas k\u00f6nnen den Aschenberg \u00fcber die Wiener Stra\u00dfe, Einhardstra\u00dfe oder Stra\u00dfburger Stra\u00dfe verlassen.<\/p>\n<p>Am Donnerstag, 04. Oktober 2018 k\u00f6nnen die Salzburger Stra\u00dfe, Regensburger Stra\u00dfe und Eisenacher Stra\u00dfe weder verlassen noch angefahren werden.<\/p>\n<p>Am Freitag, 05. Oktober 2018 gilt gleiches f\u00fcr die Hammelburger Stra\u00dfe, Br\u00fcckenauer Stra\u00dfe, Corveyer Stra\u00dfe und St. Gallener Stra\u00dfe.<\/p>\n<p>Die dortigen Bewohner werden gebeten, ihre Fahrzeuge rechtzeitig au\u00dferhalb dieser Stra\u00dfenz\u00fcge abzustellen.<\/p>\n<p>Aufgrund einer Baustelle kommt es ab Donnerstag, 04. Oktober 18 und Freitag, 05. Oktober 18 auf der Linie 1 Richtung Aschenberg zu einer ver\u00e4nderten Linienf\u00fchrung.<br \/>\nAb der Haltestelle Steingrube werden alle Fahrten \u00fcber die K\u00f6nig-Konrad-Stra\u00dfe, Aschenbergplatz, Einhardstra\u00dfe durchgef\u00fchrt. Die Abfahrtzeiten entnehmen Sie den Aush\u00e4ngen.<\/p>\n","protected":false},"excerpt":{"rendered":"<div class=\"tmnf_excerpt\"><p>In der K\u00f6nig-Konrad-Stra\u00dfe wird von der Einm\u00fcndung Salzburger Stra\u00dfe bis zur Kurve auf dem Aschenbergplateau am Donnerstag, 04. Oktober 2018 und Freitag, 05. Oktober 2018 eine neue Asphaltdecke eingebaut. Der Einbau erfolgt unter einer Einbahnstra\u00dfenregelung in Fahrtrichtung \u201ebergauf\u201c. Verkehrsteilnehmer in Fahrtrichtung Fulda-Horas k\u00f6nnen den Aschenberg \u00fcber die Wiener Stra\u00dfe, Einhardstra\u00dfe oder Stra\u00dfburger Stra\u00dfe verlassen. Am &hellip;<\/p>\n<\/div>","protected":false},"author":1,"featured_media":0,"comment_status":"closed","ping_status":"closed","sticky":false,"template":"","format":"standard","meta":{"footnotes":""},"categories":[1],"tags":[],"class_list":["post-176013","post","type-post","status-publish","format-standard","hentry","category-startseite"],"_links":{"self":[{"href":"https:\/\/www.fuldaernachrichten.de\/index.php?rest_route=\/wp\/v2\/posts\/176013","targetHints":{"allow":["GET"]}}],"collection":[{"href":"https:\/\/www.fuldaernachrichten.de\/index.php?rest_route=\/wp\/v2\/posts"}],"about":[{"href":"https:\/\/www.fuldaernachrichten.de\/index.php?rest_route=\/wp\/v2\/types\/post"}],"author":[{"embeddable":true,"href":"https:\/\/www.fuldaernachrichten.de\/index.php?rest_route=\/wp\/v2\/users\/1"}],"replies":[{"embeddable":true,"href":"https:\/\/www.fuldaernachrichten.de\/index.php?rest_route=%2Fwp%2Fv2%2Fcomments&post=176013"}],"version-history":[{"count":1,"href":"https:\/\/www.fuldaernachrichten.de\/index.php?rest_route=\/wp\/v2\/posts\/176013\/revisions"}],"predecessor-version":[{"id":176014,"href":"https:\/\/www.fuldaernachrichten.de\/index.php?rest_route=\/wp\/v2\/posts\/176013\/revisions\/176014"}],"wp:attachment":[{"href":"https:\/\/www.fuldaernachrichten.de\/index.php?rest_route=%2Fwp%2Fv2%2Fmedia&parent=176013"}],"wp:term":[{"taxonomy":"category","embeddable":true,"href":"https:\/\/www.fuldaernachrichten.de\/index.php?rest_route=%2Fwp%2Fv2%2Fcategories&post=176013"},{"taxonomy":"post_tag","embeddable":true,"href":"https:\/\/www.fuldaernachrichten.de\/index.php?rest_route=%2Fwp%2Fv2%2Ftags&post=176013"}],"curies":[{"name":"wp","href":"https:\/\/api.w.org\/{rel}","templated":true}]}}