{"id":176,"date":"2006-11-30T15:00:41","date_gmt":"2006-11-30T14:00:41","guid":{"rendered":"http:\/\/www.schoene-nachrichten.de\/?p=176"},"modified":"2006-11-30T14:02:06","modified_gmt":"2006-11-30T13:02:06","slug":"kreisbevolkerung-geht-nur-leicht-zuruck-%e2%80%93-10-gemeinden-mit-bevolkerungsanstieg","status":"publish","type":"post","link":"https:\/\/www.fuldaernachrichten.de\/?p=176","title":{"rendered":"Kreisbev\u00f6lkerung geht nur leicht zur\u00fcck \u2013 10 Gemeinden mit Bev\u00f6lkerungsanstieg"},"content":{"rendered":"<p><strong>Sch\u00f6nes aus Fulda.<\/strong> Der Landkreis Fulda ist vom bundesweiten Bev\u00f6lkerungsr\u00fcckgang weniger stark betroffen als andere Regionen. Dieser Trend hat sich auch im ersten Halbjahr 2006 fortsetzt. Nach Angaben von Landrat Bernd Woide wurden am 30. Juni 2006 219.547 Kreisbewohner gez\u00e4hlt. Das waren 266 (-0,1%) weniger als am 31. Dezember 2005 und 384 (-0,2%) weniger als am 30. Juni 2005.<\/p>\n<p>\u00c2\u00a0<\/p>\n<p><!--more--><\/p>\n<p>Im Regierungsbezirk Kassel weist der Landkreis Fulda unver\u00e4ndert den niedrigsten Bev\u00f6lkerungsr\u00fcckgang aus. Demgegen\u00fcber mussten alle \u00fcbrigen Kreise zum Teil beachtliche Verluste hinnehmen. Auch bei den Geburten verzeichnete der Landkreis Fulda nach den Landkreisen Hersfeld-Rotenburg und Waldeck-Frankenberg die geringste Abnahme gegen\u00fcber dem ersten Halbjahr 2005.<\/p>\n<p>\u00c2\u00a0<\/p>\n<p>Von 23 St\u00e4dten und Gemeinden im Landkreis Fulda konnten zehn einen Bev\u00f6lkerungsanstieg vorweisen. Dies waren N\u00fcsttal (+0,7%), Hofbieber (+0,4%), Burghaun, Gro\u00dfenl\u00fcder und Hosenfeld (jeweils +0,3 Prozent), Ebersburg, Ehrenberg und K\u00fcnzell (jeweils +0,2%) sowie Eiterfeld und H\u00fcnfeld (jeweils 0,1%). In Kalbach gab es keine Ver\u00e4nderung gegen\u00fcber dem 31. Dezember 2005.<\/p>\n<p>\u00c2\u00a0<\/p>\n<p>Hessenweit hat die Bev\u00f6lkerung in den letzten beiden Halbjahren um 15.055 (-0,2%) und 15.592 (-0,3%) Bewohner auf 6.077.300 Personen abgenommen. Auf Kreisebene nahm nur im Main-Taunus-Kreis und im Landkreis Gro\u00df-Gerau die Einwohnerzahl geringf\u00fcgig zu, w\u00e4hrend die st\u00e4rksten R\u00fcckg\u00e4nge im Werra-Mei\u00dfner-Kreis (-0,6%) und im Vogelsbergkreis (-0,4%) zu verzeichnen waren.<\/p>\n","protected":false},"excerpt":{"rendered":"<div class=\"tmnf_excerpt\"><p>Sch\u00f6nes aus Fulda. Der Landkreis Fulda ist vom bundesweiten Bev\u00f6lkerungsr\u00fcckgang weniger stark betroffen als andere Regionen. Dieser Trend hat sich auch im ersten Halbjahr 2006 fortsetzt. Nach Angaben von Landrat Bernd Woide wurden am 30. Juni 2006 219.547 Kreisbewohner gez\u00e4hlt. Das waren 266 (-0,1%) weniger als am 31. Dezember 2005 und 384 (-0,2%) weniger als &hellip;<\/p>\n<\/div>","protected":false},"author":1,"featured_media":0,"comment_status":"closed","ping_status":"closed","sticky":false,"template":"","format":"standard","meta":{"footnotes":""},"categories":[1],"tags":[],"class_list":["post-176","post","type-post","status-publish","format-standard","hentry","category-startseite"],"_links":{"self":[{"href":"https:\/\/www.fuldaernachrichten.de\/index.php?rest_route=\/wp\/v2\/posts\/176","targetHints":{"allow":["GET"]}}],"collection":[{"href":"https:\/\/www.fuldaernachrichten.de\/index.php?rest_route=\/wp\/v2\/posts"}],"about":[{"href":"https:\/\/www.fuldaernachrichten.de\/index.php?rest_route=\/wp\/v2\/types\/post"}],"author":[{"embeddable":true,"href":"https:\/\/www.fuldaernachrichten.de\/index.php?rest_route=\/wp\/v2\/users\/1"}],"replies":[{"embeddable":true,"href":"https:\/\/www.fuldaernachrichten.de\/index.php?rest_route=%2Fwp%2Fv2%2Fcomments&post=176"}],"version-history":[{"count":0,"href":"https:\/\/www.fuldaernachrichten.de\/index.php?rest_route=\/wp\/v2\/posts\/176\/revisions"}],"wp:attachment":[{"href":"https:\/\/www.fuldaernachrichten.de\/index.php?rest_route=%2Fwp%2Fv2%2Fmedia&parent=176"}],"wp:term":[{"taxonomy":"category","embeddable":true,"href":"https:\/\/www.fuldaernachrichten.de\/index.php?rest_route=%2Fwp%2Fv2%2Fcategories&post=176"},{"taxonomy":"post_tag","embeddable":true,"href":"https:\/\/www.fuldaernachrichten.de\/index.php?rest_route=%2Fwp%2Fv2%2Ftags&post=176"}],"curies":[{"name":"wp","href":"https:\/\/api.w.org\/{rel}","templated":true}]}}