{"id":17557,"date":"2008-12-15T15:31:15","date_gmt":"2008-12-15T14:31:15","guid":{"rendered":"http:\/\/www.schoene-nachrichten.de\/?p=17557"},"modified":"2008-12-15T15:43:13","modified_gmt":"2008-12-15T14:43:13","slug":"rhiel-ueberreicht-zuwendungsbescheid-fuer-ostumfahrung-in-hoehe-von-3014900-euro-an-ob-moeller","status":"publish","type":"post","link":"https:\/\/www.fuldaernachrichten.de\/?p=17557","title":{"rendered":"Rhiel \u00fcberreicht Zuwendungsbescheid f\u00fcr Ostumfahrung in H\u00f6he von 3.014.900 Euro an OB M\u00f6ller"},"content":{"rendered":"<p><a href=\"http:\/\/www.schoene-nachrichten.de\/wp-content\/uploads\/2008\/12\/081215_ostumfahrung_002.jpg\"><img decoding=\"async\" class=\"alignnone size-thumbnail wp-image-17559\" title=\"081215_ostumfahrung_002\" src=\"http:\/\/www.schoene-nachrichten.de\/wp-content\/uploads\/2008\/12\/081215_ostumfahrung_002.jpg\" alt=\"081215_ostumfahrung_002\" width=\"560\" srcset=\"https:\/\/www.fuldaernachrichten.de\/wp-content\/uploads\/2008\/12\/081215_ostumfahrung_002.jpg 592w, https:\/\/www.fuldaernachrichten.de\/wp-content\/uploads\/2008\/12\/081215_ostumfahrung_002-265x175.jpg 265w\" sizes=\"(max-width: 592px) 100vw, 592px\" \/><\/a><\/p>\n<p><strong>Fulda. <\/strong>Einen Zuwendungsbescheid in H\u00f6he von 3 Millionen hat Verkehrsminister Alois Rhiel am Montag an Fuldas Oberb\u00fcrgermeister Gerhard M\u00f6ller \u00fcberreicht. Mit den Mitteln soll im Rahmen der Verkehrsinfrastrukturf\u00f6rderung des Landes Hessen der 3. Bauabschnitt der Ostumfahrung Fulda hergestellt werden. Die Gesamtkosten betragen rund 5,2 Millionen Euro. Die Ostumfahrung ist Bestandteil des im Verkehrsentwicklungsplan der Stadt Fulda festgelegten innerst\u00e4dtischen Umfahrungsnetzes. Sie ist in vier Bauabschnitte unterteilt. Gef\u00f6rdert wurde bisher der 1. Abschnitt zwischen der Magdeburger Stra\u00dfe und der Nikolausstra\u00dfe \/ ZOB Fulda mit Zuwendungen in H\u00f6he von rund 6 Millionen Euro.<\/p>\n<p><strong>Fotos (3) und Video:<\/strong> Max Colin Heydenreich<\/p>\n<p><a href=\"http:\/\/www.schoene-nachrichten.de\/wp-content\/uploads\/2008\/12\/081215_ostumfahrung_001.jpg\"><img decoding=\"async\" class=\"alignnone size-thumbnail wp-image-17558\" title=\"081215_ostumfahrung_001\" src=\"http:\/\/www.schoene-nachrichten.de\/wp-content\/uploads\/2008\/12\/081215_ostumfahrung_001-265x175.jpg\" alt=\"081215_ostumfahrung_001\" width=\"265\" height=\"175\" srcset=\"https:\/\/www.fuldaernachrichten.de\/wp-content\/uploads\/2008\/12\/081215_ostumfahrung_001-265x175.jpg 265w, https:\/\/www.fuldaernachrichten.de\/wp-content\/uploads\/2008\/12\/081215_ostumfahrung_001.jpg 592w\" sizes=\"(max-width: 265px) 100vw, 265px\" \/><\/a> <a href=\"http:\/\/www.schoene-nachrichten.de\/wp-content\/uploads\/2008\/12\/081215_ostumfahrung_003.jpg\"><img decoding=\"async\" class=\"alignnone size-thumbnail wp-image-17560\" title=\"081215_ostumfahrung_003\" src=\"http:\/\/www.schoene-nachrichten.de\/wp-content\/uploads\/2008\/12\/081215_ostumfahrung_003-265x175.jpg\" alt=\"081215_ostumfahrung_003\" width=\"265\" height=\"175\" srcset=\"https:\/\/www.fuldaernachrichten.de\/wp-content\/uploads\/2008\/12\/081215_ostumfahrung_003-265x175.jpg 265w, https:\/\/www.fuldaernachrichten.de\/wp-content\/uploads\/2008\/12\/081215_ostumfahrung_003.jpg 592w\" sizes=\"(max-width: 265px) 100vw, 265px\" \/><\/a><\/p>\n<p><a href=\"http:\/\/www.schoene-nachrichten.de\/wp-content\/uploads\/2008\/12\/081215_ostumfahrung_002.jpg\"><!--more--><\/a><\/p>\n<p>Nach Fertigstellung des 1. Bauabschnittes hat zun\u00e4chst der 3. Bauabschnitt zwischen der Petersberger Stra\u00dfe und der K\u00fcnzeller Stra\u00dfe h\u00f6chste Priorit\u00e4t. Im Zusammenhang mit der Aufgabe von Gleisen durch die DB wird es zu einer st\u00e4dtebaulichen Neuordnung im unmittelbaren Umfeld dieses Bauabschnitts kommen. Wie Rhiel mitteilte, soll mit dem Bau der Ostumfahrung insgesamt die Innenstadt verkehrlich entlastet und die L\u00fccke im Umfahrungsnetz geschlossen werden. Der jetzt geplante Streckenabschnitt sei eng verkn\u00fcpft mit der Stadtentwicklung \u201eS\u00fcdliche Innenstadt von Fulda\u201c im Rahmen des Programms \u201eStadtumbau Hessen\u201c. Stadtkernnahe Fl\u00e4chen in Fulda sollen so entwickelt werden, dass sie zur St\u00e4rkung der zentralen Versorgungsfunktion der Innenstadt beitragen k\u00f6nnen. Dies sei eindeutiges Ziel nicht nur der Stadt, sondern auch der St\u00e4dtebaupolitik des Landes Hessen, wie sie beispielsweise auch in dem Programm \u201eAb in die Mitte\u201c festgelegt sei.<\/p>\n<p>Der 3. Bauabschnitt beginnt an der Petersberger Stra\u00dfe zwischen Tankstelle und DB-Viadukt, parallel entlang der Eisenbahntrasse und schlie\u00dft nach 640 Metern an die K\u00fcnzeller Stra\u00dfe vor der Autowaschanlage an. Da der gr\u00f6\u00dfte Teil der geplanten Stra\u00dfentrasse auf ehemaligem Betriebsgel\u00e4nde der DB verl\u00e4uft, werden vor Beginn der Stra\u00dfenarbeiten die nicht mehr ben\u00f6tigten Gleisanlagen zur\u00fcckgebaut und Signalanlagen versetzt. Geplant ist eine 2-streifige asphaltierte 6,50 Meter breite Stra\u00dfe mit Gehweganlage und Radfahrstreifen. Die Verkehrsabwicklung am Anschluss der K\u00fcnzeller Stra\u00dfe wird durch eine Lichtsignalanlage geregelt.<\/p>\n<p>Ein vollwertiger Anschluss mit einem Br\u00fcckenbauwerk an die Petersberger Stra\u00dfe wird im 4. Bauabschnitt hergestellt. An den Fu\u00dfg\u00e4nger\u00fcberwegen werden die Belange von geh- und sehbehinderten Menschen durch Herstellen von Bordsteinabsenkungen, Leit- und Orientierungssystemen sowie entsprechenden Ausstattungen der Lichtsignalanlagen ber\u00fccksichtigt. Die neue Stra\u00dfe erm\u00f6glicht au\u00dferdem, dass f\u00fcr das geplante Fachmarktcenter auf dem ehemaligen Emailliergel\u00e4nde auch eine neue Zufahrt zu den Au\u00dfenparkpl\u00e4tzen des Fachmarktcenters entstehen kann. Die Stra\u00dfenbauarbeiten sollen 2009 beginnen und 2010 abgeschlossen werden.<\/p>\n","protected":false},"excerpt":{"rendered":"<div class=\"tmnf_excerpt\"><p>Fulda. Einen Zuwendungsbescheid in H\u00f6he von 3 Millionen hat Verkehrsminister Alois Rhiel am Montag an Fuldas Oberb\u00fcrgermeister Gerhard M\u00f6ller \u00fcberreicht. Mit den Mitteln soll im Rahmen der Verkehrsinfrastrukturf\u00f6rderung des Landes Hessen der 3. Bauabschnitt der Ostumfahrung Fulda hergestellt werden. Die Gesamtkosten betragen rund 5,2 Millionen Euro. Die Ostumfahrung ist Bestandteil des im Verkehrsentwicklungsplan der Stadt &hellip;<\/p>\n<\/div>","protected":false},"author":1,"featured_media":0,"comment_status":"closed","ping_status":"closed","sticky":false,"template":"","format":"standard","meta":{"footnotes":""},"categories":[1,35,79,29,78],"tags":[],"class_list":["post-17557","post","type-post","status-publish","format-standard","hentry","category-startseite","category-auto","category-kino","category-politik","category-topthema"],"_links":{"self":[{"href":"https:\/\/www.fuldaernachrichten.de\/index.php?rest_route=\/wp\/v2\/posts\/17557","targetHints":{"allow":["GET"]}}],"collection":[{"href":"https:\/\/www.fuldaernachrichten.de\/index.php?rest_route=\/wp\/v2\/posts"}],"about":[{"href":"https:\/\/www.fuldaernachrichten.de\/index.php?rest_route=\/wp\/v2\/types\/post"}],"author":[{"embeddable":true,"href":"https:\/\/www.fuldaernachrichten.de\/index.php?rest_route=\/wp\/v2\/users\/1"}],"replies":[{"embeddable":true,"href":"https:\/\/www.fuldaernachrichten.de\/index.php?rest_route=%2Fwp%2Fv2%2Fcomments&post=17557"}],"version-history":[{"count":6,"href":"https:\/\/www.fuldaernachrichten.de\/index.php?rest_route=\/wp\/v2\/posts\/17557\/revisions"}],"predecessor-version":[{"id":17566,"href":"https:\/\/www.fuldaernachrichten.de\/index.php?rest_route=\/wp\/v2\/posts\/17557\/revisions\/17566"}],"wp:attachment":[{"href":"https:\/\/www.fuldaernachrichten.de\/index.php?rest_route=%2Fwp%2Fv2%2Fmedia&parent=17557"}],"wp:term":[{"taxonomy":"category","embeddable":true,"href":"https:\/\/www.fuldaernachrichten.de\/index.php?rest_route=%2Fwp%2Fv2%2Fcategories&post=17557"},{"taxonomy":"post_tag","embeddable":true,"href":"https:\/\/www.fuldaernachrichten.de\/index.php?rest_route=%2Fwp%2Fv2%2Ftags&post=17557"}],"curies":[{"name":"wp","href":"https:\/\/api.w.org\/{rel}","templated":true}]}}