{"id":1752,"date":"2007-02-17T00:10:33","date_gmt":"2007-02-16T23:10:33","guid":{"rendered":"http:\/\/www.schoene-nachrichten.de\/?p=1752"},"modified":"2008-12-15T13:12:33","modified_gmt":"2008-12-15T12:12:33","slug":"prinzeneinmarsch-bei-der-fuldaer-zeitung","status":"publish","type":"post","link":"https:\/\/www.fuldaernachrichten.de\/?p=1752","title":{"rendered":"Prinzeneinmarsch bei der Fuldaer Zeitung"},"content":{"rendered":"<p><strong>Sch\u00f6nes aus Fulda.<\/strong> Ausgelassene Stimmung herrschte gestern Nachmittag im Foyer der Fuldaer Zeitung. Die B\u00fcrger- und Prinzengarde des Fuldaer Karnevalsvereins war mit Pauken und Trompeten in das Verlagshaus einmarschiert. Verleger Michael Schmitt hatte die N\u00e4rrinnen und Narren empfangen. Prinz\u00c2\u00a0 S\u00f6ren, die Adjutanten J\u00fcrgen Ressel und Jochen K\u00f6hler sowie Prinzenmariechen Seline Reiter pr\u00e4sentierten sich in Bestform und sparten nicht mit Komplimenten und Dankesworten f\u00fcr die Fastnachtsberichterstattung der Zeitung. Au\u00dferdem wurden Orden verteilt und\u00c2\u00a0 \u201egeb\u00fctzt\u201c was das Zeug hielt.\u00c2\u00a0<\/p>\n<p><strong>Video:<\/strong> Max Colin Heydenreich<\/p>\n<p><strong>Videolink:<\/strong> <a target=\"_blank\" href=\"http:\/\/www.schoene-nachrichten.de\/wp-content\/uploads\/2007\/02\/070216_foaset_fz.wmv\">Prinzeneinmarsch bei der Fuldaer Zeitung<\/a><\/p>\n<p><!--more--><img decoding=\"async\" src=\"http:\/\/www.schoene-nachrichten.de\/wp-content\/uploads\/2007\/02\/x_sponsor.gif\" alt=\"x_sponsor.gif\" \/>[local \/wp-content\/uploads\/2007\/02\/070216_foaset_fz.wmv]<\/p>\n","protected":false},"excerpt":{"rendered":"<div class=\"tmnf_excerpt\"><p>Sch\u00f6nes aus Fulda. Ausgelassene Stimmung herrschte gestern Nachmittag im Foyer der Fuldaer Zeitung. Die B\u00fcrger- und Prinzengarde des Fuldaer Karnevalsvereins war mit Pauken und Trompeten in das Verlagshaus einmarschiert. Verleger Michael Schmitt hatte die N\u00e4rrinnen und Narren empfangen. Prinz\u00c2\u00a0 S\u00f6ren, die Adjutanten J\u00fcrgen Ressel und Jochen K\u00f6hler sowie Prinzenmariechen Seline Reiter pr\u00e4sentierten sich in Bestform &hellip;<\/p>\n<\/div>","protected":false},"author":1,"featured_media":0,"comment_status":"closed","ping_status":"closed","sticky":false,"template":"","format":"standard","meta":{"footnotes":""},"categories":[1,79,44],"tags":[],"class_list":["post-1752","post","type-post","status-publish","format-standard","hentry","category-startseite","category-kino","category-kultur"],"_links":{"self":[{"href":"https:\/\/www.fuldaernachrichten.de\/index.php?rest_route=\/wp\/v2\/posts\/1752","targetHints":{"allow":["GET"]}}],"collection":[{"href":"https:\/\/www.fuldaernachrichten.de\/index.php?rest_route=\/wp\/v2\/posts"}],"about":[{"href":"https:\/\/www.fuldaernachrichten.de\/index.php?rest_route=\/wp\/v2\/types\/post"}],"author":[{"embeddable":true,"href":"https:\/\/www.fuldaernachrichten.de\/index.php?rest_route=\/wp\/v2\/users\/1"}],"replies":[{"embeddable":true,"href":"https:\/\/www.fuldaernachrichten.de\/index.php?rest_route=%2Fwp%2Fv2%2Fcomments&post=1752"}],"version-history":[{"count":1,"href":"https:\/\/www.fuldaernachrichten.de\/index.php?rest_route=\/wp\/v2\/posts\/1752\/revisions"}],"predecessor-version":[{"id":17376,"href":"https:\/\/www.fuldaernachrichten.de\/index.php?rest_route=\/wp\/v2\/posts\/1752\/revisions\/17376"}],"wp:attachment":[{"href":"https:\/\/www.fuldaernachrichten.de\/index.php?rest_route=%2Fwp%2Fv2%2Fmedia&parent=1752"}],"wp:term":[{"taxonomy":"category","embeddable":true,"href":"https:\/\/www.fuldaernachrichten.de\/index.php?rest_route=%2Fwp%2Fv2%2Fcategories&post=1752"},{"taxonomy":"post_tag","embeddable":true,"href":"https:\/\/www.fuldaernachrichten.de\/index.php?rest_route=%2Fwp%2Fv2%2Ftags&post=1752"}],"curies":[{"name":"wp","href":"https:\/\/api.w.org\/{rel}","templated":true}]}}