{"id":175162,"date":"2018-07-12T09:01:44","date_gmt":"2018-07-12T07:01:44","guid":{"rendered":"http:\/\/www.fuldaer-nachrichten.de\/?p=175162"},"modified":"2018-07-12T09:01:44","modified_gmt":"2018-07-12T07:01:44","slug":"buechel-begruesst-mit-oliver-venohr-einen-absoluten-branchenkenner-in-der-unternehmensleitung","status":"publish","type":"post","link":"https:\/\/www.fuldaernachrichten.de\/?p=175162","title":{"rendered":"B\u00fcchel begr\u00fc\u00dft mit Oliver Venohr einen absoluten Branchenkenner in der Unternehmensleitung"},"content":{"rendered":"<p>Nach 29-j\u00e4hriger T\u00e4tigkeit einen Nachfolger f\u00fcr Hans-Wilhelm Minner zu finden, das gestaltete sich f\u00fcr Erhard B\u00fcchel als Inhaber des gleichnamigen Unternehmens mit Firmensitz in Fulda zun\u00e4chst nicht einfach. Gerade in der schnelllebigen Fahrradbranche sind fundierte Branchenkenntnisse, eine weltweite gute Vernetzung und Innovationsf\u00e4higkeit gefragt. Mit Oliver Venohr konnte jetzt zum 1. Juli die Stelle des Gesch\u00e4ftsf\u00fchrers neu besetzt werden. Der 43-J\u00e4hrige bringt beste Voraussetzungen mit, das stets expandierende Unternehmen mit den Schwerpunkten Fahrradzubeh\u00f6r, Lifestyle- Produkte und Lichttechnik gemeinsam mit dem B\u00fcchelteam in die Zukunft zu f\u00fchren. Nach seiner Ausbildung zum Industriekaufmann bei der Prophete\u00c2\u00a0GmbH &amp; Co. KG wurden verschiedene Stationen auf der Karriereleiter innerhalb des Unternehmens durchlaufen, unter anderem der Aufbau einer Exportstruktur und die Leitung der Au\u00dfendienstorganisation. Zuletzt war Herr Venohr\u00c2\u00a0als Gesch\u00e4ftsf\u00fchrer f\u00fcr die Unternehmensbereiche Vertrieb, Marketing, Produktmanagement\/Technik und Kundendienst verantwortlich.<\/p>\n<p>Verbunden mit dem Dank an Hans-Wilhelm Minner brachte Erhard B\u00fcchel gleichzeitig seine Freude zum Ausdruck, einen \u00e4u\u00dferst kompetenten Fachmann f\u00fcr die Position des Gesch\u00e4ftsf\u00fchrers gewonnen zu haben. &#8220;Unser neuer Gesch\u00e4ftsf\u00fchrer verf\u00fcgt \u00fcber eine 25-j\u00e4hrige Erfahrung in der Fahrradbranche und war zuletzt Gesch\u00e4ftsf\u00fchrer der Prophete GmbH &amp; Co. KG, einem f\u00fchrenden deutschen Fahrradhersteller und damit wei\u00df er auch genau, wie Familienunternehmen &#8216;ticken'&#8221;. B\u00fcchel betonte, dass vorerst im Fokus stehe, das vielf\u00e4ltige Aufgabengebiet des Vorg\u00e4ngers zu \u00fcbernehmen, es jedoch vorgesehen sei, den Gesch\u00e4ftsf\u00fchrer im Rahmen des Generationswechsels zuk\u00fcnftig auch mit der Unternehmensleitung zu betrauen. Venohr wiederum &#8211; in fr\u00fcheren Jahren auch als Radprofi aktiv &#8211; unterstrich, dass er das Unternehmen B\u00fcchel insbesondere gerne auf dem Weg in die weitere Digitalisierung begleiten und ebenfalls dazu beitragen wolle, das E-Bike-Segment weiter auszubauen. &#8220;Dar\u00fcber hinaus m\u00f6chte ich mich daf\u00fcr einsetzen, den Wirtschaftsstandort Deutschland f\u00fcr unsere Branche zu festigen.&#8221;<\/p>\n","protected":false},"excerpt":{"rendered":"<div class=\"tmnf_excerpt\"><p>Nach 29-j\u00e4hriger T\u00e4tigkeit einen Nachfolger f\u00fcr Hans-Wilhelm Minner zu finden, das gestaltete sich f\u00fcr Erhard B\u00fcchel als Inhaber des gleichnamigen Unternehmens mit Firmensitz in Fulda zun\u00e4chst nicht einfach. Gerade in der schnelllebigen Fahrradbranche sind fundierte Branchenkenntnisse, eine weltweite gute Vernetzung und Innovationsf\u00e4higkeit gefragt. Mit Oliver Venohr konnte jetzt zum 1. Juli die Stelle des Gesch\u00e4ftsf\u00fchrers &hellip;<\/p>\n<\/div>","protected":false},"author":1,"featured_media":175163,"comment_status":"closed","ping_status":"closed","sticky":false,"template":"","format":"standard","meta":{"footnotes":""},"categories":[1],"tags":[],"class_list":["post-175162","post","type-post","status-publish","format-standard","has-post-thumbnail","hentry","category-startseite"],"_links":{"self":[{"href":"https:\/\/www.fuldaernachrichten.de\/index.php?rest_route=\/wp\/v2\/posts\/175162","targetHints":{"allow":["GET"]}}],"collection":[{"href":"https:\/\/www.fuldaernachrichten.de\/index.php?rest_route=\/wp\/v2\/posts"}],"about":[{"href":"https:\/\/www.fuldaernachrichten.de\/index.php?rest_route=\/wp\/v2\/types\/post"}],"author":[{"embeddable":true,"href":"https:\/\/www.fuldaernachrichten.de\/index.php?rest_route=\/wp\/v2\/users\/1"}],"replies":[{"embeddable":true,"href":"https:\/\/www.fuldaernachrichten.de\/index.php?rest_route=%2Fwp%2Fv2%2Fcomments&post=175162"}],"version-history":[{"count":1,"href":"https:\/\/www.fuldaernachrichten.de\/index.php?rest_route=\/wp\/v2\/posts\/175162\/revisions"}],"predecessor-version":[{"id":175164,"href":"https:\/\/www.fuldaernachrichten.de\/index.php?rest_route=\/wp\/v2\/posts\/175162\/revisions\/175164"}],"wp:featuredmedia":[{"embeddable":true,"href":"https:\/\/www.fuldaernachrichten.de\/index.php?rest_route=\/wp\/v2\/media\/175163"}],"wp:attachment":[{"href":"https:\/\/www.fuldaernachrichten.de\/index.php?rest_route=%2Fwp%2Fv2%2Fmedia&parent=175162"}],"wp:term":[{"taxonomy":"category","embeddable":true,"href":"https:\/\/www.fuldaernachrichten.de\/index.php?rest_route=%2Fwp%2Fv2%2Fcategories&post=175162"},{"taxonomy":"post_tag","embeddable":true,"href":"https:\/\/www.fuldaernachrichten.de\/index.php?rest_route=%2Fwp%2Fv2%2Ftags&post=175162"}],"curies":[{"name":"wp","href":"https:\/\/api.w.org\/{rel}","templated":true}]}}