{"id":175155,"date":"2018-07-12T09:00:45","date_gmt":"2018-07-12T07:00:45","guid":{"rendered":"http:\/\/www.fuldaer-nachrichten.de\/?p=175155"},"modified":"2018-07-12T09:00:45","modified_gmt":"2018-07-12T07:00:45","slug":"urlauber-fliegen-voll-auf-hilders-und-die-rhoen-ab-nach-nord-und-ostsee-lieblings-urlaubsziel-in-hilders-gefunden","status":"publish","type":"post","link":"https:\/\/www.fuldaernachrichten.de\/?p=175155","title":{"rendered":"Urlauber fliegen voll auf Hilders und die Rh\u00f6n ab &#8211; Nach Nord- und Ostsee Lieblings-Urlaubsziel in Hilders gefunden"},"content":{"rendered":"<p>Ehepaar Ute und Franz-Josef Schmitz sind nun schon Stammg\u00e4ste seit vielen Jahren bei der Familie Karin und Martin Bott und verbringen bereits mehr als 40 Mal ihre sch\u00f6nste Zeit im Jahr in Hilders in der Rh\u00f6n. Bereits einige Wechsel bei den Unterk\u00fcnften und Vermietern haben Sie gehabt, was gleich geblieben ist, sind Bindungen an den Ort und die Liebe zur Rh\u00f6n und dem Modelflug.<\/p>\n<p>Bereits mehr als 40 Mal verbrachten die Eheleute Ute und Franz-Josef Schmitz aus Burscheid ihren Urlaub in der Rh\u00f6n. Dieses Jubil\u00e4um nahmen die Gastgeber Karin und Martin Bott sowie die Marktgemeinde Hilders zum Anlass, sich f\u00fcr die langj\u00e4hrige Treue zur Marktgemeinde Hilders und zum Luftkurort Hilders zu bedanken.<\/p>\n<p>Sie sagten Dank mit einer gem\u00fctlichen Kaffeerunde in der 4-Sterne-Ferienwohnung der Familie Bott. Das Ehepaar aus Burscheid bedankte sich herzlich bei seinen Gastgebern f\u00fcr die famili\u00e4re Atmosph\u00e4re und immer wieder sch\u00f6ne Zeit in ihrem gem\u00fctlichen Urlaubsdomizil in Hilders und erz\u00e4hlten mit Leidenschaft von Ihren zahlreichen Urlauben, tollen Erlebnissen und unvergessenen Momenten.<\/p>\n<p>Hier in Hilders und der Rh\u00f6n haben Sie ein zweites St\u00fcck Heimat gefunden und sind weitaus mehr als nur G\u00e4ste. Urspr\u00fcnglich hat sie die Fliegerei auf die Wasserkuppe und in die Rh\u00f6n gebracht. Heute sind sie nicht nur begeisterte Rh\u00f6nfans sondern haben bereits viele Freunde und Bekannte von der Rh\u00f6n und der Gemeinde Hilders \u00fcberzeugt, die auch zu G\u00e4sten geworden sind.<\/p>\n<p>Die Marktgemeinde Hilders nahm dieses Jubil\u00e4um zum Anlass und dankte durch B\u00fcrgermeister Hubert Blum und den Leiter der Tourist-Information Christoph Neubauer den G\u00e4sten und \u00fcberreichte eine Urkunde, eine Flasche Hilders-Sekt sowie einen Hilders-Gutschein, mit dem sie nach Herzenslust schlemmen, einkaufen und genie\u00dfen k\u00f6nnen. Wiederkommen lohnt sich also.<\/p>\n","protected":false},"excerpt":{"rendered":"<div class=\"tmnf_excerpt\"><p>Ehepaar Ute und Franz-Josef Schmitz sind nun schon Stammg\u00e4ste seit vielen Jahren bei der Familie Karin und Martin Bott und verbringen bereits mehr als 40 Mal ihre sch\u00f6nste Zeit im Jahr in Hilders in der Rh\u00f6n. Bereits einige Wechsel bei den Unterk\u00fcnften und Vermietern haben Sie gehabt, was gleich geblieben ist, sind Bindungen an den &hellip;<\/p>\n<\/div>","protected":false},"author":1,"featured_media":175159,"comment_status":"closed","ping_status":"closed","sticky":false,"template":"","format":"standard","meta":{"footnotes":""},"categories":[1],"tags":[],"class_list":["post-175155","post","type-post","status-publish","format-standard","has-post-thumbnail","hentry","category-startseite"],"_links":{"self":[{"href":"https:\/\/www.fuldaernachrichten.de\/index.php?rest_route=\/wp\/v2\/posts\/175155","targetHints":{"allow":["GET"]}}],"collection":[{"href":"https:\/\/www.fuldaernachrichten.de\/index.php?rest_route=\/wp\/v2\/posts"}],"about":[{"href":"https:\/\/www.fuldaernachrichten.de\/index.php?rest_route=\/wp\/v2\/types\/post"}],"author":[{"embeddable":true,"href":"https:\/\/www.fuldaernachrichten.de\/index.php?rest_route=\/wp\/v2\/users\/1"}],"replies":[{"embeddable":true,"href":"https:\/\/www.fuldaernachrichten.de\/index.php?rest_route=%2Fwp%2Fv2%2Fcomments&post=175155"}],"version-history":[{"count":1,"href":"https:\/\/www.fuldaernachrichten.de\/index.php?rest_route=\/wp\/v2\/posts\/175155\/revisions"}],"predecessor-version":[{"id":175160,"href":"https:\/\/www.fuldaernachrichten.de\/index.php?rest_route=\/wp\/v2\/posts\/175155\/revisions\/175160"}],"wp:featuredmedia":[{"embeddable":true,"href":"https:\/\/www.fuldaernachrichten.de\/index.php?rest_route=\/wp\/v2\/media\/175159"}],"wp:attachment":[{"href":"https:\/\/www.fuldaernachrichten.de\/index.php?rest_route=%2Fwp%2Fv2%2Fmedia&parent=175155"}],"wp:term":[{"taxonomy":"category","embeddable":true,"href":"https:\/\/www.fuldaernachrichten.de\/index.php?rest_route=%2Fwp%2Fv2%2Fcategories&post=175155"},{"taxonomy":"post_tag","embeddable":true,"href":"https:\/\/www.fuldaernachrichten.de\/index.php?rest_route=%2Fwp%2Fv2%2Ftags&post=175155"}],"curies":[{"name":"wp","href":"https:\/\/api.w.org\/{rel}","templated":true}]}}