{"id":175039,"date":"2018-07-02T10:25:17","date_gmt":"2018-07-02T08:25:17","guid":{"rendered":"http:\/\/www.fuldaer-nachrichten.de\/?p=175039"},"modified":"2018-07-02T10:25:17","modified_gmt":"2018-07-02T08:25:17","slug":"schottlandreise-rundreise-im-land-der-highlander-werner-gutheil-begleitet-nicht-nur-trauernde-2","status":"publish","type":"post","link":"https:\/\/www.fuldaernachrichten.de\/?p=175039","title":{"rendered":"Schottlandreise \u2013 Rundreise im Land der Highlander Werner Gutheil  begleitet nicht nur Trauernde"},"content":{"rendered":"<p>Reisen in Gemeinschaft- besonders in Zeiten der Trauer kann hilfreich sein.<\/p>\n<p>Aufgrund der erfolgreichen und hilfreichen Reise im Herbst letzten Jahres nach Israel wurde kurzfristig eine Reise nach Schottland erarbeitet und angeboten.<\/p>\n<p><a href=\"http:\/\/www.fuldaer-nachrichten.de\/wp-content\/uploads\/2018\/07\/IMG_20171012_163639776.jpg\"><img decoding=\"async\" class=\"alignleft size-thumbnail wp-image-175042\" src=\"http:\/\/www.fuldaer-nachrichten.de\/wp-content\/uploads\/2018\/07\/IMG_20171012_163639776-265x149.jpg\" alt=\"\" width=\"265\" height=\"149\" srcset=\"https:\/\/www.fuldaernachrichten.de\/wp-content\/uploads\/2018\/07\/IMG_20171012_163639776-265x149.jpg 265w, https:\/\/www.fuldaernachrichten.de\/wp-content\/uploads\/2018\/07\/IMG_20171012_163639776-768x432.jpg 768w, https:\/\/www.fuldaernachrichten.de\/wp-content\/uploads\/2018\/07\/IMG_20171012_163639776-600x337.jpg 600w, https:\/\/www.fuldaernachrichten.de\/wp-content\/uploads\/2018\/07\/IMG_20171012_163639776.jpg 900w\" sizes=\"(max-width: 265px) 100vw, 265px\" \/><\/a>Sie findet <strong>am 1. Bis 8. Oktober 2018<\/strong> statt. Die Reise beginnt mit dem Flug von Frankfurt am Main nach Edingburgh, wo gleich zu Beginn die St. Giles Cathedrale besichritg wird. Die Weiterreise nach Glasgow mit Stadtbesichtigung und der dortigen Cathedrale of St. Mungo findet einen guten Ausgleich am Ufer des Loch Lomond, einem der ber\u00fchmtesten Seen Schottlands. Ein Iselausflug nach Mull und Ilona wird abgerundet durch die F\u00e4hr\u00fcberfahrt zur sch\u00f6nen Isle of Mull und zur Insel Ilona, der Wiege des Christentum. Schon im 6. Jahrhundert besuchte St. Columba die Insel. Abschluss dieses Tages ist die Ruine der Iona Abbey. Ein Abstecher in das Glen Ceo Tal im Norden des Loch Ness. Ob Nessy auftaucht ist noch unbekannt. Ein Ausflug in eine der landschaftlich reizvollsten Regionen Schottland, der Wester Ross Region mit Blackwater Fluss, der die\u00c2\u00a0 stufenartigen Wasserf\u00e4lle einbetet so dass von der H\u00e4ngebr\u00fccke aus gute Erinnerungsfotos gemacht werden k\u00f6nnen. Der Besuch der Inverewe G\u00e4rten am Ufer des Loch Ewe bringt weitere Entspannung. F\u00fcr Schottland wichtig ist ein Besuch einer Whiskydestillerie mit einer Kostprobe, um weitergefahren zu werden nach Peth zum Besuch des Scone Palace, einer der heiligsten St\u00e4tten Schottlands.<\/p>\n<p>Am vorletzten Tag geht die Reise in die Border Region, eine landschaftliche Reizvolle und sehr geschichtstr\u00e4chtige Region zum Aussichtspunkt Scott\u00e2\u20ac\u2122s Wiew mit Blick auf das Melrose Abbey. Abschluss bildet die Dryburg Abbey, einer ehemaligen Pr\u00e4monstratenser Abtei aus dem 12 Jahrhundert.<\/p>\n<p>Eine \u00f6rtliche Reiseleitung gibt die notwendigen Informationen. Die Reise wird geleitet von Werner Gutheil, mit spritituellen Impulsen und durch M\u00f6glichkeiten zum Einzelgespr\u00e4ch auf dem Weg erg\u00e4nzt. Einzelpersonen sollen sich bei dieser Reise besonders gut aufgehoben wissen. Ein Vortreffen zum Kennenlernen findet in jedem Fall statt.<\/p>\n<p>R\u00fcckfragen und weitere Fragen zur Reise, sowie das konkrete Programm und Anmeldung sind m\u00f6glich im Di\u00f6zesansekretariat f\u00fcr Trauerarbeit in der Rh\u00f6nstra\u00dfe 8, 63 450 Hanau. Tel. 06181- 42 898 44 oder 0661-87 579. Mail an <a href=\"mailto:Info@trauern-warum-allein.de\">Info@trauern-warum-allein.de<\/a> oder per Fax. 06181- 42 898 55.<\/p>\n","protected":false},"excerpt":{"rendered":"<div class=\"tmnf_excerpt\"><p>Reisen in Gemeinschaft- besonders in Zeiten der Trauer kann hilfreich sein. Aufgrund der erfolgreichen und hilfreichen Reise im Herbst letzten Jahres nach Israel wurde kurzfristig eine Reise nach Schottland erarbeitet und angeboten. Sie findet am 1. Bis 8. Oktober 2018 statt. Die Reise beginnt mit dem Flug von Frankfurt am Main nach Edingburgh, wo gleich &hellip;<\/p>\n<\/div>","protected":false},"author":1,"featured_media":175041,"comment_status":"closed","ping_status":"closed","sticky":false,"template":"","format":"standard","meta":{"footnotes":""},"categories":[1],"tags":[],"class_list":["post-175039","post","type-post","status-publish","format-standard","has-post-thumbnail","hentry","category-startseite"],"_links":{"self":[{"href":"https:\/\/www.fuldaernachrichten.de\/index.php?rest_route=\/wp\/v2\/posts\/175039","targetHints":{"allow":["GET"]}}],"collection":[{"href":"https:\/\/www.fuldaernachrichten.de\/index.php?rest_route=\/wp\/v2\/posts"}],"about":[{"href":"https:\/\/www.fuldaernachrichten.de\/index.php?rest_route=\/wp\/v2\/types\/post"}],"author":[{"embeddable":true,"href":"https:\/\/www.fuldaernachrichten.de\/index.php?rest_route=\/wp\/v2\/users\/1"}],"replies":[{"embeddable":true,"href":"https:\/\/www.fuldaernachrichten.de\/index.php?rest_route=%2Fwp%2Fv2%2Fcomments&post=175039"}],"version-history":[{"count":1,"href":"https:\/\/www.fuldaernachrichten.de\/index.php?rest_route=\/wp\/v2\/posts\/175039\/revisions"}],"predecessor-version":[{"id":175043,"href":"https:\/\/www.fuldaernachrichten.de\/index.php?rest_route=\/wp\/v2\/posts\/175039\/revisions\/175043"}],"wp:featuredmedia":[{"embeddable":true,"href":"https:\/\/www.fuldaernachrichten.de\/index.php?rest_route=\/wp\/v2\/media\/175041"}],"wp:attachment":[{"href":"https:\/\/www.fuldaernachrichten.de\/index.php?rest_route=%2Fwp%2Fv2%2Fmedia&parent=175039"}],"wp:term":[{"taxonomy":"category","embeddable":true,"href":"https:\/\/www.fuldaernachrichten.de\/index.php?rest_route=%2Fwp%2Fv2%2Fcategories&post=175039"},{"taxonomy":"post_tag","embeddable":true,"href":"https:\/\/www.fuldaernachrichten.de\/index.php?rest_route=%2Fwp%2Fv2%2Ftags&post=175039"}],"curies":[{"name":"wp","href":"https:\/\/api.w.org\/{rel}","templated":true}]}}