{"id":1750,"date":"2007-02-20T01:08:26","date_gmt":"2007-02-20T00:08:26","guid":{"rendered":"http:\/\/www.schoene-nachrichten.de\/?p=1750"},"modified":"2007-02-20T01:16:41","modified_gmt":"2007-02-20T00:16:41","slug":"attacke-aufs-auge-op-art-ausstellung-in-frankfurt","status":"publish","type":"post","link":"https:\/\/www.fuldaernachrichten.de\/?p=1750","title":{"rendered":"Attacke aufs Auge &#8211; Op Art-Ausstellung in Frankfurt"},"content":{"rendered":"<p><strong>Kulturtipp.<\/strong> Die T\u00e4uschungsm\u00f6glichkeiten des menschliches Auges lotet eine neue Ausstellung in der Frankfurter Schirn Kunsthalle aus. Gezeigt werden die wichtigsten Positionen der so genannten Op Art (kurz f\u00fcr &#8220;Optical Art&#8221;), einer Kunstrichtung, die in den 60er Jahren entstand und international viele Anh\u00e4nger fand.<\/p>\n<p><a target=\"_blank\" href=\"http:\/\/www.schoene-nachrichten.de\/wp-content\/uploads\/2007\/02\/070220_art_1.jpg\" title=\"070220_art_1.jpg\"><img decoding=\"async\" width=\"128\" src=\"http:\/\/www.schoene-nachrichten.de\/wp-content\/uploads\/2007\/02\/070220_art_1.thumbnail.jpg\" alt=\"070220_art_1.jpg\" height=\"86\" \/><\/a>\u00c2\u00a0<a target=\"_blank\" href=\"http:\/\/www.schoene-nachrichten.de\/wp-content\/uploads\/2007\/02\/070220_art_2.jpg\" title=\"070220_art_2.jpg\"><img decoding=\"async\" width=\"128\" src=\"http:\/\/www.schoene-nachrichten.de\/wp-content\/uploads\/2007\/02\/070220_art_2.thumbnail.jpg\" alt=\"070220_art_2.jpg\" height=\"86\" \/><\/a> <a target=\"_blank\" href=\"http:\/\/www.schoene-nachrichten.de\/wp-content\/uploads\/2007\/02\/070220_art_3.jpg\" title=\"070220_art_3.jpg\"><img decoding=\"async\" width=\"128\" src=\"http:\/\/www.schoene-nachrichten.de\/wp-content\/uploads\/2007\/02\/070220_art_3.thumbnail.jpg\" alt=\"070220_art_3.jpg\" height=\"86\" \/><\/a><\/p>\n<p><a target=\"_blank\" href=\"http:\/\/www.schoene-nachrichten.de\/wp-content\/uploads\/2007\/02\/070220_art_4.jpg\" title=\"070220_art_4.jpg\"><img loading=\"lazy\" decoding=\"async\" width=\"128\" src=\"http:\/\/www.schoene-nachrichten.de\/wp-content\/uploads\/2007\/02\/070220_art_4.thumbnail.jpg\" alt=\"070220_art_4.jpg\" height=\"86\" \/><\/a>\u00c2\u00a0<a target=\"_blank\" href=\"http:\/\/www.schoene-nachrichten.de\/wp-content\/uploads\/2007\/02\/070220_art_5.jpg\" title=\"070220_art_5.jpg\"><img loading=\"lazy\" decoding=\"async\" width=\"128\" src=\"http:\/\/www.schoene-nachrichten.de\/wp-content\/uploads\/2007\/02\/070220_art_5.thumbnail.jpg\" alt=\"070220_art_5.jpg\" height=\"86\" \/><\/a> <a target=\"_blank\" href=\"http:\/\/www.schoene-nachrichten.de\/wp-content\/uploads\/2007\/02\/070220_art_6.jpg\" title=\"070220_art_6.jpg\"><img loading=\"lazy\" decoding=\"async\" width=\"128\" src=\"http:\/\/www.schoene-nachrichten.de\/wp-content\/uploads\/2007\/02\/070220_art_6.thumbnail.jpg\" alt=\"070220_art_6.jpg\" height=\"86\" \/><\/a><a href=\"http:\/\/www.schoene-nachrichten.de\/wp-content\/uploads\/2007\/02\/070220_art_6.jpg\" title=\"070220_art_6.jpg\"><\/a><\/p>\n<p><!--more-->Die ausgestellten gro\u00dfformatigen Bilder und Rauminstallationen sollen das Auge des Betrachters in Bewegung bringen und hypnotische Effekte erzeugen. So entstehen unerwartete Nachbilder, Farbvibrationen und das Flimmern von Licht. Die K\u00fcnstler wollen aber nicht nur diese physikalischen Wirkungen erzielen. Die Interaktion zwischen Werk und Betrachter soll auf das gesamte Bewusstsein wirken.<\/p>\n<p>Die Op Art sei eine Kunst, die alle Sinne anspreche, die ohne Vorkenntnisse auskomme und so spontan erlebbar sei, erl\u00e4uterte die Kuratorin der Ausstellung, Martina Weinhart, gestern bei der Pr\u00e4sentation der Schau. In der Ausstellung gebe es R\u00e4ume, &#8220;die den Betrachter in die Knie zwingen werden oder vor denen er zun\u00e4chst zur\u00fcckschreckt&#8221;. Ein eindrucksvolles Beispiel hierf\u00fcr ist der 1968 f\u00fcr die &#8220;documenta 4&#8221; realisierte &#8220;Spiegelraum&#8221; von Christian Megert. Spiegel an Decke und Boden erwecken beim Betrachter den Eindruck, er st\u00fcrze beim Betreten des Raums ins Bodenlose.<\/p>\n<p>Weinharts Team hat f\u00fcr die Ausstellung die Werke von 54 K\u00fcnstlern aus aller Welt zusammengetragen. Viele der gezeigten Arbeiten sind seit Jahrzehnten nicht mehr \u00f6ffentlich zu sehen gewesen, andere wurden eigens f\u00fcr die Schau restauriert. Besichtigt werden kann die Ausstellung bis zum 20. Mai. Ein umfangreicher Katalog ist erg\u00e4nzend erschienen.Weitere Informationen unter: <a target=\"_blank\" href=\"http:\/\/www.schirn-kunsthalle.de\/\">http:\/\/www.schirn-kunsthalle.de\/<\/a> (snddp)<\/p>\n","protected":false},"excerpt":{"rendered":"<div class=\"tmnf_excerpt\"><p>Kulturtipp. Die T\u00e4uschungsm\u00f6glichkeiten des menschliches Auges lotet eine neue Ausstellung in der Frankfurter Schirn Kunsthalle aus. Gezeigt werden die wichtigsten Positionen der so genannten Op Art (kurz f\u00fcr &#8220;Optical Art&#8221;), einer Kunstrichtung, die in den 60er Jahren entstand und international viele Anh\u00e4nger fand. \u00c2\u00a0 \u00c2\u00a0<\/p>\n<\/div>","protected":false},"author":1,"featured_media":0,"comment_status":"closed","ping_status":"closed","sticky":false,"template":"","format":"standard","meta":{"footnotes":""},"categories":[1,44],"tags":[],"class_list":["post-1750","post","type-post","status-publish","format-standard","hentry","category-startseite","category-kultur"],"_links":{"self":[{"href":"https:\/\/www.fuldaernachrichten.de\/index.php?rest_route=\/wp\/v2\/posts\/1750","targetHints":{"allow":["GET"]}}],"collection":[{"href":"https:\/\/www.fuldaernachrichten.de\/index.php?rest_route=\/wp\/v2\/posts"}],"about":[{"href":"https:\/\/www.fuldaernachrichten.de\/index.php?rest_route=\/wp\/v2\/types\/post"}],"author":[{"embeddable":true,"href":"https:\/\/www.fuldaernachrichten.de\/index.php?rest_route=\/wp\/v2\/users\/1"}],"replies":[{"embeddable":true,"href":"https:\/\/www.fuldaernachrichten.de\/index.php?rest_route=%2Fwp%2Fv2%2Fcomments&post=1750"}],"version-history":[{"count":0,"href":"https:\/\/www.fuldaernachrichten.de\/index.php?rest_route=\/wp\/v2\/posts\/1750\/revisions"}],"wp:attachment":[{"href":"https:\/\/www.fuldaernachrichten.de\/index.php?rest_route=%2Fwp%2Fv2%2Fmedia&parent=1750"}],"wp:term":[{"taxonomy":"category","embeddable":true,"href":"https:\/\/www.fuldaernachrichten.de\/index.php?rest_route=%2Fwp%2Fv2%2Fcategories&post=1750"},{"taxonomy":"post_tag","embeddable":true,"href":"https:\/\/www.fuldaernachrichten.de\/index.php?rest_route=%2Fwp%2Fv2%2Ftags&post=1750"}],"curies":[{"name":"wp","href":"https:\/\/api.w.org\/{rel}","templated":true}]}}