{"id":174914,"date":"2018-06-27T10:15:48","date_gmt":"2018-06-27T08:15:48","guid":{"rendered":"http:\/\/www.fuldaer-nachrichten.de\/?p=174914"},"modified":"2018-06-27T10:15:48","modified_gmt":"2018-06-27T08:15:48","slug":"schwenk-dankt-fuer-hilfe-der-mackenzeller-toleranz-und-hilfe-fuer-ein-gedeihliches-miteinander","status":"publish","type":"post","link":"https:\/\/www.fuldaernachrichten.de\/?p=174914","title":{"rendered":"Schwenk dankt f\u00fcr Hilfe \u201eder Mackenzeller\u201c  Toleranz und Hilfe f\u00fcr ein gedeihliches Miteinander"},"content":{"rendered":"<p>Die Aufnahme von bis zu 90 Gefl\u00fcchteten im Wasserschloss Mackenzell hat nach den Worten von H\u00fcnfelds B\u00fcrgermeister Stefan Schwenk auch Dank des gro\u00dfen Engagements von Ortsbeirat, Kirche, B\u00fcrgern und Vereinen sehr gut funktioniert. Daf\u00fcr wolle er der B\u00fcrgerschaft des Stadtteils seine Anerkennung aussprechen. <\/p>\n<p>Er k\u00f6nne sich noch sehr gut an die Anf\u00e4nge erinnern, als die Kirchengemeinde, aber auch die Betreiber der Unterkunft, zu Informationsveranstaltungen eingeladen h\u00e4tten. Es habe dabei verst\u00e4ndlicherweise auch Skepsis und manche Besorgnis gegeben. Dank des Engagements vieler Mackenzeller habe sich diese Herausforderung zum Guten gewendet. Auch wenn die Gefl\u00fcchteten nun im September Mackenzell verlassen, so h\u00e4tten sich doch seit Anfang 2016 auch einige Bekanntschaften und Verbindungen entwickelt, die jene Menschen, die in der Region bleiben wollten, bei ihrem Weg zur Integration ganz ma\u00dfgebend geholfen h\u00e4tten. Er hoffe und w\u00fcnsche sich, dass diese Bekanntschaften und Verbindungen auch nach dem Umzug in andere Unterk\u00fcnfte erhalten blieben. Nur durch den direkten b\u00fcrgerschaftlichen Kontakt sei es m\u00f6glich, diese gro\u00dfe Herausforderung zu meistern. Mittlerweile seien bereits viele ehemalige und gegenw\u00e4rtige Bewohner der Unterkunft in Ausbildung oder in Arbeit. Als gr\u00f6\u00dftes Problem erweise sich aber nach wie vor die Wohnungssuche, deshalb habe die Stadt H\u00fcnfeld auch Projekte des Vereins Pro-Integration und des DRK Kreisverbandes H\u00fcnfeld finanziell unterst\u00fctzt, um beispielsweise Wohnraum zu reaktivieren, der dem Markt nicht mehr zur Verf\u00fcgung gestanden habe. <\/p>\n<p>Im Interesse der Sache sei es sicher gut, dass jene, die sich in Mackenzell f\u00fcr diese Menschen engagiert h\u00e4tten, diese Kontakte auch weiterhin pflegen und ihr Engagement beibehielten. Es sei auch weiterhin Zeit, Toleranz, Offenheit und Einsatz gefordert, diese Menschen auf ihrem teilweise sehr schwierigen Weg weiter zu begleiten. Davon profitierten alle Menschen in H\u00fcnfeld durch ein gedeihliches Miteinander, so der B\u00fcrgermeister abschlie\u00dfend. <\/p>\n","protected":false},"excerpt":{"rendered":"<div class=\"tmnf_excerpt\"><p>Die Aufnahme von bis zu 90 Gefl\u00fcchteten im Wasserschloss Mackenzell hat nach den Worten von H\u00fcnfelds B\u00fcrgermeister Stefan Schwenk auch Dank des gro\u00dfen Engagements von Ortsbeirat, Kirche, B\u00fcrgern und Vereinen sehr gut funktioniert. Daf\u00fcr wolle er der B\u00fcrgerschaft des Stadtteils seine Anerkennung aussprechen. Er k\u00f6nne sich noch sehr gut an die Anf\u00e4nge erinnern, als die &hellip;<\/p>\n<\/div>","protected":false},"author":1,"featured_media":0,"comment_status":"closed","ping_status":"closed","sticky":false,"template":"","format":"standard","meta":{"footnotes":""},"categories":[1],"tags":[],"class_list":["post-174914","post","type-post","status-publish","format-standard","hentry","category-startseite"],"_links":{"self":[{"href":"https:\/\/www.fuldaernachrichten.de\/index.php?rest_route=\/wp\/v2\/posts\/174914","targetHints":{"allow":["GET"]}}],"collection":[{"href":"https:\/\/www.fuldaernachrichten.de\/index.php?rest_route=\/wp\/v2\/posts"}],"about":[{"href":"https:\/\/www.fuldaernachrichten.de\/index.php?rest_route=\/wp\/v2\/types\/post"}],"author":[{"embeddable":true,"href":"https:\/\/www.fuldaernachrichten.de\/index.php?rest_route=\/wp\/v2\/users\/1"}],"replies":[{"embeddable":true,"href":"https:\/\/www.fuldaernachrichten.de\/index.php?rest_route=%2Fwp%2Fv2%2Fcomments&post=174914"}],"version-history":[{"count":1,"href":"https:\/\/www.fuldaernachrichten.de\/index.php?rest_route=\/wp\/v2\/posts\/174914\/revisions"}],"predecessor-version":[{"id":174917,"href":"https:\/\/www.fuldaernachrichten.de\/index.php?rest_route=\/wp\/v2\/posts\/174914\/revisions\/174917"}],"wp:attachment":[{"href":"https:\/\/www.fuldaernachrichten.de\/index.php?rest_route=%2Fwp%2Fv2%2Fmedia&parent=174914"}],"wp:term":[{"taxonomy":"category","embeddable":true,"href":"https:\/\/www.fuldaernachrichten.de\/index.php?rest_route=%2Fwp%2Fv2%2Fcategories&post=174914"},{"taxonomy":"post_tag","embeddable":true,"href":"https:\/\/www.fuldaernachrichten.de\/index.php?rest_route=%2Fwp%2Fv2%2Ftags&post=174914"}],"curies":[{"name":"wp","href":"https:\/\/api.w.org\/{rel}","templated":true}]}}