{"id":174866,"date":"2018-06-27T10:05:56","date_gmt":"2018-06-27T08:05:56","guid":{"rendered":"http:\/\/www.fuldaer-nachrichten.de\/?p=174866"},"modified":"2018-06-27T10:05:56","modified_gmt":"2018-06-27T08:05:56","slug":"mdb-brand-lehnt-scholz-plaene-zum-baukindergeld-als-lebensfremd-und-familienfeindlich-ab","status":"publish","type":"post","link":"https:\/\/www.fuldaernachrichten.de\/?p=174866","title":{"rendered":"MdB Brand lehnt Scholz-Pl\u00e4ne zum Baukindergeld als &#8220;lebensfremd und familienfeindlich&#8221; ab"},"content":{"rendered":"<p>Als &#8220;lebensfremd und familienfeindlich&#8221; kritisiert der osthessische Bundestagsabgeordnete Michael Brand die Pl\u00e4ne von Finanzminister Scholz, das Baukindergeld mit neuen Auflagen zu versehen, und k\u00fcndigte an: &#8220;Meine Zustimmung werden diese Pl\u00e4ne im Parlament garantiert nicht bekommen!\u201c<\/p>\n<p>&nbsp;<\/p>\n<p>\u201eViele Familien, auch aus Osthessen, haben sich heute bei mir gemeldet und ihr Unverst\u00e4ndnis zu Ausdruck gebracht\u201c, berichtet der Familienvater. \u201eIch teile diese Kritik ausdr\u00fccklich. Politik muss verl\u00e4sslich sein, der Koalitionsvertrag gilt. Auf Dr\u00e4ngen der CDU\/CSU wurde im Koalitionsvertrag aus gutem Grund vereinbart, dass die Eigentumsbildung f\u00fcr Familien finanziell unterst\u00fctzt wird. Das hei\u00dft konkret die Einf\u00fchrung eines Baukindergeldes f\u00fcr den Ersterwerb von Neubau oder Bestand ein Baukindergeld als Zuschuss aus dem Bundeshaushalt in H\u00f6he von 1.200 Euro je Kind und pro Jahr ein, das \u00fcber einen Zeitraum von zehn Jahren gezahlt wird.\u201c<\/p>\n<p>&nbsp;<\/p>\n<p>Dass der Zuschuss jetzt nur dann gezahlt werden solle, wenn die Wohnfl\u00e4che bei einer vierk\u00f6pfigen Familie 120 Quadratmeter nicht \u00fcbersteige und pro weiteres Kind maximal 10 Quadratmeter bezeichnete Brand als einen \u201ekrasse Benachteiligung des l\u00e4ndlichen Raums\u201c. \u201eEine ungerechte Gleichbehandlung von Stadt und Land ist \u00fcberhaupt nicht akzeptabel\u201c, so Brand. Den Bundesfinanzminister forderte er auf, die \u201eungerechten Pl\u00e4ne schnell wieder vom Tisch zu nehmen\u201c.<\/p>\n","protected":false},"excerpt":{"rendered":"<div class=\"tmnf_excerpt\"><p>Als &#8220;lebensfremd und familienfeindlich&#8221; kritisiert der osthessische Bundestagsabgeordnete Michael Brand die Pl\u00e4ne von Finanzminister Scholz, das Baukindergeld mit neuen Auflagen zu versehen, und k\u00fcndigte an: &#8220;Meine Zustimmung werden diese Pl\u00e4ne im Parlament garantiert nicht bekommen!\u201c &nbsp; \u201eViele Familien, auch aus Osthessen, haben sich heute bei mir gemeldet und ihr Unverst\u00e4ndnis zu Ausdruck gebracht\u201c, berichtet der &hellip;<\/p>\n<\/div>","protected":false},"author":1,"featured_media":0,"comment_status":"closed","ping_status":"closed","sticky":false,"template":"","format":"standard","meta":{"footnotes":""},"categories":[1],"tags":[],"class_list":["post-174866","post","type-post","status-publish","format-standard","hentry","category-startseite"],"_links":{"self":[{"href":"https:\/\/www.fuldaernachrichten.de\/index.php?rest_route=\/wp\/v2\/posts\/174866","targetHints":{"allow":["GET"]}}],"collection":[{"href":"https:\/\/www.fuldaernachrichten.de\/index.php?rest_route=\/wp\/v2\/posts"}],"about":[{"href":"https:\/\/www.fuldaernachrichten.de\/index.php?rest_route=\/wp\/v2\/types\/post"}],"author":[{"embeddable":true,"href":"https:\/\/www.fuldaernachrichten.de\/index.php?rest_route=\/wp\/v2\/users\/1"}],"replies":[{"embeddable":true,"href":"https:\/\/www.fuldaernachrichten.de\/index.php?rest_route=%2Fwp%2Fv2%2Fcomments&post=174866"}],"version-history":[{"count":1,"href":"https:\/\/www.fuldaernachrichten.de\/index.php?rest_route=\/wp\/v2\/posts\/174866\/revisions"}],"predecessor-version":[{"id":174869,"href":"https:\/\/www.fuldaernachrichten.de\/index.php?rest_route=\/wp\/v2\/posts\/174866\/revisions\/174869"}],"wp:attachment":[{"href":"https:\/\/www.fuldaernachrichten.de\/index.php?rest_route=%2Fwp%2Fv2%2Fmedia&parent=174866"}],"wp:term":[{"taxonomy":"category","embeddable":true,"href":"https:\/\/www.fuldaernachrichten.de\/index.php?rest_route=%2Fwp%2Fv2%2Fcategories&post=174866"},{"taxonomy":"post_tag","embeddable":true,"href":"https:\/\/www.fuldaernachrichten.de\/index.php?rest_route=%2Fwp%2Fv2%2Ftags&post=174866"}],"curies":[{"name":"wp","href":"https:\/\/api.w.org\/{rel}","templated":true}]}}