{"id":174850,"date":"2018-06-27T10:02:36","date_gmt":"2018-06-27T08:02:36","guid":{"rendered":"http:\/\/www.fuldaer-nachrichten.de\/?p=174850"},"modified":"2018-06-27T10:02:36","modified_gmt":"2018-06-27T08:02:36","slug":"wolfgang-decker-spd-neue-brueckenteilzeit-ist-arbeitsmarktpolitischer-meilenstein","status":"publish","type":"post","link":"https:\/\/www.fuldaernachrichten.de\/?p=174850","title":{"rendered":"Wolfgang Decker (SPD): Neue Br\u00fcckenteilzeit ist arbeitsmarktpolitischer Meilenstein"},"content":{"rendered":"<p>Das Bundeskabinett hat den Gesetzentwurf zur Weiterentwicklung des Teilzeitrechts und zur Einf\u00fchrung einer Br\u00fcckenteilzeit vor kurzem beschlossen. Der arbeitsmarktpolitische Sprecher der SPD-Fraktion im Hessischen Landtag, Wolfgang Decker, lobte den Gesetzentwurf und nannte in einen \u201earbeitsmarktpolitischen Meilenstein\u201c.<\/p>\n<p>Decker sagte am Montag: \u201eMit diesem Gesetzentwurf hat die SPD einen weiteren arbeitsmarktpolitischen Meilenstein gesetzt, von dem vor allem Frauen profitieren werden und der der Lebenswirklichkeit der Menschen in unserem Land entspricht. Er bedeutet konkrete Verbesserungen f\u00fcr viele Arbeitnehmerinnen und Arbeitnehmer. Auch deshalb, weil damit k\u00fcnftige kleinere und mittelst\u00e4ndische Unternehmen die neue Br\u00fcckenteilzeit leichter umsetzen k\u00f6nnen. Mit dem Gesetz wird den fast eine Millionen Besch\u00e4ftigten geholfen, leichter in Teilzeitbesch\u00e4ftigung zu gehen. Vor allem wird jedoch den 1,8 Millionen Besch\u00e4ftigten geholfen, wieder mehr zu arbeiten, das hei\u00dft, endlich wieder aus der Teilzeitfalle heraus zu kommen. Die neue Br\u00fcckenteilzeit ist daher ein wichtiger Schritt gegen den Fachkr\u00e4ftemangel und hilft gleichzeitig Altersarmut zu vermeiden, da ein h\u00f6heres Arbeitseinkommen h\u00f6here Rentenanwartschaften bedeuten. Zugleich ist es ein aktiver Beitrag zur Gleichstellung von Frauen, die von der sogenannten Teilzeitfalle bisher am meisten betroffen sind\u201c.<\/p>\n","protected":false},"excerpt":{"rendered":"<div class=\"tmnf_excerpt\"><p>Das Bundeskabinett hat den Gesetzentwurf zur Weiterentwicklung des Teilzeitrechts und zur Einf\u00fchrung einer Br\u00fcckenteilzeit vor kurzem beschlossen. Der arbeitsmarktpolitische Sprecher der SPD-Fraktion im Hessischen Landtag, Wolfgang Decker, lobte den Gesetzentwurf und nannte in einen \u201earbeitsmarktpolitischen Meilenstein\u201c. Decker sagte am Montag: \u201eMit diesem Gesetzentwurf hat die SPD einen weiteren arbeitsmarktpolitischen Meilenstein gesetzt, von dem vor allem &hellip;<\/p>\n<\/div>","protected":false},"author":1,"featured_media":0,"comment_status":"closed","ping_status":"closed","sticky":false,"template":"","format":"standard","meta":{"footnotes":""},"categories":[1],"tags":[],"class_list":["post-174850","post","type-post","status-publish","format-standard","hentry","category-startseite"],"_links":{"self":[{"href":"https:\/\/www.fuldaernachrichten.de\/index.php?rest_route=\/wp\/v2\/posts\/174850","targetHints":{"allow":["GET"]}}],"collection":[{"href":"https:\/\/www.fuldaernachrichten.de\/index.php?rest_route=\/wp\/v2\/posts"}],"about":[{"href":"https:\/\/www.fuldaernachrichten.de\/index.php?rest_route=\/wp\/v2\/types\/post"}],"author":[{"embeddable":true,"href":"https:\/\/www.fuldaernachrichten.de\/index.php?rest_route=\/wp\/v2\/users\/1"}],"replies":[{"embeddable":true,"href":"https:\/\/www.fuldaernachrichten.de\/index.php?rest_route=%2Fwp%2Fv2%2Fcomments&post=174850"}],"version-history":[{"count":1,"href":"https:\/\/www.fuldaernachrichten.de\/index.php?rest_route=\/wp\/v2\/posts\/174850\/revisions"}],"predecessor-version":[{"id":174853,"href":"https:\/\/www.fuldaernachrichten.de\/index.php?rest_route=\/wp\/v2\/posts\/174850\/revisions\/174853"}],"wp:attachment":[{"href":"https:\/\/www.fuldaernachrichten.de\/index.php?rest_route=%2Fwp%2Fv2%2Fmedia&parent=174850"}],"wp:term":[{"taxonomy":"category","embeddable":true,"href":"https:\/\/www.fuldaernachrichten.de\/index.php?rest_route=%2Fwp%2Fv2%2Fcategories&post=174850"},{"taxonomy":"post_tag","embeddable":true,"href":"https:\/\/www.fuldaernachrichten.de\/index.php?rest_route=%2Fwp%2Fv2%2Ftags&post=174850"}],"curies":[{"name":"wp","href":"https:\/\/api.w.org\/{rel}","templated":true}]}}