{"id":1748,"date":"2007-02-16T15:12:30","date_gmt":"2007-02-16T14:12:30","guid":{"rendered":"http:\/\/www.schoene-nachrichten.de\/?p=1748"},"modified":"2007-02-16T15:12:30","modified_gmt":"2007-02-16T14:12:30","slug":"2000-bibeln-im-klinikum-fulda-eingetroffen","status":"publish","type":"post","link":"https:\/\/www.fuldaernachrichten.de\/?p=1748","title":{"rendered":"2.000 Bibeln im Klinikum Fulda eingetroffen"},"content":{"rendered":"<p><strong>Sch\u00f6nes aus Fulda.<\/strong> Die Bibelgesellschaft Kurhessen-Waldeck hat dem Klinikum Fulda\u00c2\u00a02.000\u00c2\u00a0Exemplare des Neuen Testaments zur Verf\u00fcgung gestellt. \u201eDie Bibeln k\u00f6nnen wir gut gebrauchen, um sie an Patientinnen und Patienten und an die Mitarbeiterinnen und Mitarbeiter des Klinikums zu verschenken. Die Nachfrage nach einer Bibel ist gerade bei einem Krankenhausaufenthalt besonders gro\u00df. Ohne diese gro\u00dfz\u00fcgige Spende k\u00f6nnten diese W\u00fcnsche nicht alle erf\u00fcllt werden\u201c, freut sich Klinikpfarrerin Martina Walter.<\/p>\n","protected":false},"excerpt":{"rendered":"<div class=\"tmnf_excerpt\"><p>Sch\u00f6nes aus Fulda. Die Bibelgesellschaft Kurhessen-Waldeck hat dem Klinikum Fulda\u00c2\u00a02.000\u00c2\u00a0Exemplare des Neuen Testaments zur Verf\u00fcgung gestellt. \u201eDie Bibeln k\u00f6nnen wir gut gebrauchen, um sie an Patientinnen und Patienten und an die Mitarbeiterinnen und Mitarbeiter des Klinikums zu verschenken. Die Nachfrage nach einer Bibel ist gerade bei einem Krankenhausaufenthalt besonders gro\u00df. Ohne diese gro\u00dfz\u00fcgige Spende k\u00f6nnten &hellip;<\/p>\n<\/div>","protected":false},"author":1,"featured_media":0,"comment_status":"closed","ping_status":"closed","sticky":false,"template":"","format":"standard","meta":{"footnotes":""},"categories":[1,51,50],"tags":[],"class_list":["post-1748","post","type-post","status-publish","format-standard","hentry","category-startseite","category-medizin","category-kirche"],"_links":{"self":[{"href":"https:\/\/www.fuldaernachrichten.de\/index.php?rest_route=\/wp\/v2\/posts\/1748","targetHints":{"allow":["GET"]}}],"collection":[{"href":"https:\/\/www.fuldaernachrichten.de\/index.php?rest_route=\/wp\/v2\/posts"}],"about":[{"href":"https:\/\/www.fuldaernachrichten.de\/index.php?rest_route=\/wp\/v2\/types\/post"}],"author":[{"embeddable":true,"href":"https:\/\/www.fuldaernachrichten.de\/index.php?rest_route=\/wp\/v2\/users\/1"}],"replies":[{"embeddable":true,"href":"https:\/\/www.fuldaernachrichten.de\/index.php?rest_route=%2Fwp%2Fv2%2Fcomments&post=1748"}],"version-history":[{"count":0,"href":"https:\/\/www.fuldaernachrichten.de\/index.php?rest_route=\/wp\/v2\/posts\/1748\/revisions"}],"wp:attachment":[{"href":"https:\/\/www.fuldaernachrichten.de\/index.php?rest_route=%2Fwp%2Fv2%2Fmedia&parent=1748"}],"wp:term":[{"taxonomy":"category","embeddable":true,"href":"https:\/\/www.fuldaernachrichten.de\/index.php?rest_route=%2Fwp%2Fv2%2Fcategories&post=1748"},{"taxonomy":"post_tag","embeddable":true,"href":"https:\/\/www.fuldaernachrichten.de\/index.php?rest_route=%2Fwp%2Fv2%2Ftags&post=1748"}],"curies":[{"name":"wp","href":"https:\/\/api.w.org\/{rel}","templated":true}]}}