{"id":174753,"date":"2018-06-25T09:49:09","date_gmt":"2018-06-25T07:49:09","guid":{"rendered":"http:\/\/www.fuldaer-nachrichten.de\/?p=174753"},"modified":"2018-06-25T09:49:09","modified_gmt":"2018-06-25T07:49:09","slug":"erfolgsstory-ausbildungsverbund-zwischen-den-staedten-heringen-werra-und-bad-hersfeld","status":"publish","type":"post","link":"https:\/\/www.fuldaernachrichten.de\/?p=174753","title":{"rendered":"Erfolgsstory Ausbildungsverbund zwischen den St\u00e4dten Heringen (Werra) und Bad Hersfeld"},"content":{"rendered":"<p>\u201eEine Erfolgsgeschichte neigt sich dem Ende zu\u201c, so das Fazit der Kalistadt Heringen (Werra) und der Kreisstadt Bad Hersfeld, die den aus dem Heringer Stadtteil Widdershausen stammenden Jonas Sch\u00e4fer im Verbund zum EDV\/IT-Spezialisten ausgebildet haben.<\/p>\n<p>Ausbildungsbetrieb des nunmehr frischen Fachinformatikers (Fachrichtung Systemintegration) war die Stadt Heringen (Werra), die dem Auszubildenden auch die Ausbildungsverg\u00fctung bezahlt hat. Sein \u201eHandwerk\u201c gelernt sowie seine Fertigkeiten und Kenntnisse angeeignet hat sich der junge Mann w\u00e4hrend der dreij\u00e4hrigen fundierten Ausbildung in Bad Hersfeld. Die in Heringen (Werra) mangels eines Ausbilders nicht zu vermittelnden Ausbildungsinhalte hat er im Hersfelder Rathaus erlangt.<\/p>\n<p>Unterm Strich gibt es dabei nur Gewinner: Die Stadt Bad Hersfeld hatte drei Jahre einen \u201ekostenfreien\u201c Auszubildenden, die Stadt Heringen (Werra) nunmehr einen bestens ausgebildeten Fachinformatiker &#8211; und Jonas Sch\u00e4fer selbst wird in K\u00fcrze sein Erlerntes erfolgreich in die Praxis umsetzen k\u00f6nnen. Der Stadt Heringen (Werra) steht nun ein Fachmann f\u00fcr die Zukunftsaufgaben zur Verf\u00fcgung.<\/p>\n<p>Das Wissen, das sich Sch\u00e4fer in der smarten Kreisstadt aneignete, soll im Rahmen einer Interkommunalen Zusammenarbeit \u00fcber die Heringer Grenzen hinaus zur Verf\u00fcgung gestellt werden. Ab 01.07.2018 starten die Gemeinden Friedewald, Philippsthal und Schenklengsfeld sowie die Stadt Heringen (Werra) eine Interkommunale Zusammenarbeit im Bereich EDV\/IT. Hauptdarsteller: Der in Bad Hersfeld ausgebildete Jonas Sch\u00e4fer!<\/p>\n<p>\u201eUnser Dank gilt meinem Kollegen Thomas Fehling sowie dem zust\u00e4ndigen Fachbereich Informations- und Organisationsmanagement der Hersfelder Verwaltung mit Herrn Frank Effenberger an der Spitze sowie den Herren Bereichsleiter Dirk Glebe und Ausbilder Martin Steimar, die Herrn Sch\u00e4fer durch seine Ausbildungszeit begleitet haben. Bad Hersfelds Wissen und Erfahrung in den Bereichen \u201eSmart City\u201c und EDV k\u00f6nnen wir nun auch im Werratal f\u00fcr die k\u00fcnftigen Herausforderungen nutzen. Insbesondere das Digitale Rathaus wollen wir nun mit festen Schritten angehen\u201c, freut sich Heringens Rathauschef Daniel Iliev.<\/p>\n<p>Sein Kollege Thomas Fehling res\u00fcmiert: \u201eNicht alle St\u00e4dte und Gemeinden k\u00f6nnen das gesamte Leistungsspektrum einer Kommunalverwaltung gleichm\u00e4\u00dfig gut abdecken. Dann mu\u00df man sich eben zusammentun. Der Ausbildungsverbund mit Heringen (Werra) ist ein gutes Beispiel daf\u00fcr, wie es gehen kann.\u201c<\/p>\n<p>Dass es k\u00fcnftig weiterhin solche Ausbildungsverb\u00fcnde geben wird, k\u00f6nnen sich beide B\u00fcrgermeister sehr gut vorstellen.<\/p>\n","protected":false},"excerpt":{"rendered":"<div class=\"tmnf_excerpt\"><p>\u201eEine Erfolgsgeschichte neigt sich dem Ende zu\u201c, so das Fazit der Kalistadt Heringen (Werra) und der Kreisstadt Bad Hersfeld, die den aus dem Heringer Stadtteil Widdershausen stammenden Jonas Sch\u00e4fer im Verbund zum EDV\/IT-Spezialisten ausgebildet haben. Ausbildungsbetrieb des nunmehr frischen Fachinformatikers (Fachrichtung Systemintegration) war die Stadt Heringen (Werra), die dem Auszubildenden auch die Ausbildungsverg\u00fctung bezahlt hat. &hellip;<\/p>\n<\/div>","protected":false},"author":1,"featured_media":174756,"comment_status":"closed","ping_status":"closed","sticky":false,"template":"","format":"standard","meta":{"footnotes":""},"categories":[1],"tags":[],"class_list":["post-174753","post","type-post","status-publish","format-standard","has-post-thumbnail","hentry","category-startseite"],"_links":{"self":[{"href":"https:\/\/www.fuldaernachrichten.de\/index.php?rest_route=\/wp\/v2\/posts\/174753","targetHints":{"allow":["GET"]}}],"collection":[{"href":"https:\/\/www.fuldaernachrichten.de\/index.php?rest_route=\/wp\/v2\/posts"}],"about":[{"href":"https:\/\/www.fuldaernachrichten.de\/index.php?rest_route=\/wp\/v2\/types\/post"}],"author":[{"embeddable":true,"href":"https:\/\/www.fuldaernachrichten.de\/index.php?rest_route=\/wp\/v2\/users\/1"}],"replies":[{"embeddable":true,"href":"https:\/\/www.fuldaernachrichten.de\/index.php?rest_route=%2Fwp%2Fv2%2Fcomments&post=174753"}],"version-history":[{"count":1,"href":"https:\/\/www.fuldaernachrichten.de\/index.php?rest_route=\/wp\/v2\/posts\/174753\/revisions"}],"predecessor-version":[{"id":174757,"href":"https:\/\/www.fuldaernachrichten.de\/index.php?rest_route=\/wp\/v2\/posts\/174753\/revisions\/174757"}],"wp:featuredmedia":[{"embeddable":true,"href":"https:\/\/www.fuldaernachrichten.de\/index.php?rest_route=\/wp\/v2\/media\/174756"}],"wp:attachment":[{"href":"https:\/\/www.fuldaernachrichten.de\/index.php?rest_route=%2Fwp%2Fv2%2Fmedia&parent=174753"}],"wp:term":[{"taxonomy":"category","embeddable":true,"href":"https:\/\/www.fuldaernachrichten.de\/index.php?rest_route=%2Fwp%2Fv2%2Fcategories&post=174753"},{"taxonomy":"post_tag","embeddable":true,"href":"https:\/\/www.fuldaernachrichten.de\/index.php?rest_route=%2Fwp%2Fv2%2Ftags&post=174753"}],"curies":[{"name":"wp","href":"https:\/\/api.w.org\/{rel}","templated":true}]}}