{"id":174706,"date":"2018-06-19T22:11:11","date_gmt":"2018-06-19T20:11:11","guid":{"rendered":"http:\/\/www.fuldaer-nachrichten.de\/?p=174706"},"modified":"2018-06-19T22:11:11","modified_gmt":"2018-06-19T20:11:11","slug":"sommerrundgang-durch-den-vogelsberggarten-in-ulrichstein","status":"publish","type":"post","link":"https:\/\/www.fuldaernachrichten.de\/?p=174706","title":{"rendered":"Sommerrundgang durch den Vogelsberggarten in Ulrichstein"},"content":{"rendered":"<div class=\"ic-full-description\">\n<p>Am Samstag, 30. Juni 2018, findet im Vogelsberggarten in Ulrichstein ein Rundgang mit Natur- und Kulturf\u00fchrer Richard Golle und Gesch\u00e4ftsf\u00fchrer des Gartens statt. Jetzt, wo viele Pflanzen in voller Pracht stehen, ist das ein ganz besonderes Erlebnis. Bei dem Vogelsberggarten handelt es sich um einen offenen botanischen Garten f\u00fcr heimische Pflanzen, die immer seltener werden. Er ist ein Kleinod und besonderer Hort der Biodiversit\u00e4t mit geschichtlichem Hintergrund.<\/p>\n<p>Die Besucher bekommen eine Menge Informationen zu Fauna und Flora und deren Zusammenspiel im Garten, sowie die gesch\u00fctzte Artenvielfalt im Vogelsberg. Die Teilnahme an der F\u00fchrung kostet 5 \u00e2\u201a\u00ac \/ Person, 10 \u00e2\u201a\u00ac \/ Familie. Start ist um 14:00 Uhr am Vorwerkmuseum, Hauptstr. 33, in Ulrichstein, die Dauer betr\u00e4gt ca. 2,5 Stunden. Am Ende ist es m\u00f6glich, am Museum noch auf einen Kaffee und ein St\u00fcck Kuchen einzukehren.<\/p>\n<p>Um Anmeldung wird gebeten unter der Mobilnummer: 0170-7245241 bei Richard Golle.<\/p>\n<\/div>\n<p><i>Quelle: Brigitta M\u00f6llermann<\/i><\/p>\n","protected":false},"excerpt":{"rendered":"<div class=\"tmnf_excerpt\"><p>Am Samstag, 30. Juni 2018, findet im Vogelsberggarten in Ulrichstein ein Rundgang mit Natur- und Kulturf\u00fchrer Richard Golle und Gesch\u00e4ftsf\u00fchrer des Gartens statt. Jetzt, wo viele Pflanzen in voller Pracht stehen, ist das ein ganz besonderes Erlebnis. Bei dem Vogelsberggarten handelt es sich um einen offenen botanischen Garten f\u00fcr heimische Pflanzen, die immer seltener werden. &hellip;<\/p>\n<\/div>","protected":false},"author":1,"featured_media":174709,"comment_status":"closed","ping_status":"closed","sticky":false,"template":"","format":"standard","meta":{"footnotes":""},"categories":[1],"tags":[],"class_list":["post-174706","post","type-post","status-publish","format-standard","has-post-thumbnail","hentry","category-startseite"],"_links":{"self":[{"href":"https:\/\/www.fuldaernachrichten.de\/index.php?rest_route=\/wp\/v2\/posts\/174706","targetHints":{"allow":["GET"]}}],"collection":[{"href":"https:\/\/www.fuldaernachrichten.de\/index.php?rest_route=\/wp\/v2\/posts"}],"about":[{"href":"https:\/\/www.fuldaernachrichten.de\/index.php?rest_route=\/wp\/v2\/types\/post"}],"author":[{"embeddable":true,"href":"https:\/\/www.fuldaernachrichten.de\/index.php?rest_route=\/wp\/v2\/users\/1"}],"replies":[{"embeddable":true,"href":"https:\/\/www.fuldaernachrichten.de\/index.php?rest_route=%2Fwp%2Fv2%2Fcomments&post=174706"}],"version-history":[{"count":1,"href":"https:\/\/www.fuldaernachrichten.de\/index.php?rest_route=\/wp\/v2\/posts\/174706\/revisions"}],"predecessor-version":[{"id":174710,"href":"https:\/\/www.fuldaernachrichten.de\/index.php?rest_route=\/wp\/v2\/posts\/174706\/revisions\/174710"}],"wp:featuredmedia":[{"embeddable":true,"href":"https:\/\/www.fuldaernachrichten.de\/index.php?rest_route=\/wp\/v2\/media\/174709"}],"wp:attachment":[{"href":"https:\/\/www.fuldaernachrichten.de\/index.php?rest_route=%2Fwp%2Fv2%2Fmedia&parent=174706"}],"wp:term":[{"taxonomy":"category","embeddable":true,"href":"https:\/\/www.fuldaernachrichten.de\/index.php?rest_route=%2Fwp%2Fv2%2Fcategories&post=174706"},{"taxonomy":"post_tag","embeddable":true,"href":"https:\/\/www.fuldaernachrichten.de\/index.php?rest_route=%2Fwp%2Fv2%2Ftags&post=174706"}],"curies":[{"name":"wp","href":"https:\/\/api.w.org\/{rel}","templated":true}]}}