{"id":174703,"date":"2018-06-19T22:10:25","date_gmt":"2018-06-19T20:10:25","guid":{"rendered":"http:\/\/www.fuldaer-nachrichten.de\/?p=174703"},"modified":"2018-06-19T22:10:25","modified_gmt":"2018-06-19T20:10:25","slug":"erlaeuterungen-zu-den-landesgartenschau-entwuerfen","status":"publish","type":"post","link":"https:\/\/www.fuldaernachrichten.de\/?p=174703","title":{"rendered":"Erl\u00e4uterungen zu den Landesgartenschau-Entw\u00fcrfen"},"content":{"rendered":"<p>Ende Mai hat das Preisgericht \u00fcber die Siegerentw\u00fcrfe im europaweit ausgeschriebenen Ideen- und Realisierungswettbewerb zur Landesgartenschau 2023 in Fulda entschieden. Sieger war das Konzept des B\u00fcro A24 Landschaft aus Berlin. Insgesamt waren14 Arbeiten von einem 30-k\u00f6pfigen sach- und fachkundigen Preisgericht unter verschiedenen Aspekten bewertet worden. In die Arbeit der B\u00fcros eingeflossen waren auch die Ergebnisse einer umfangreichen B\u00fcrgerbeteiligung im Rahmen verschiedener Formate (B\u00fcrgerworkshop, B\u00fcrgerspaziergang, etc.).<\/p>\n<p>Seit Anfang Juni sind alle Entw\u00fcrfe im mittleren Vestib\u00fcl (Treppenhaus vor dem Marmorsaal und der Schlosskapelle) des Fuldaer Stadtschlosses ausgestellt. Im Rahmen der B\u00fcrgerbeteiligung sollen die Konzepte nun am Donnerstag, 21. Juni, um 18 Uhr allen interessieren B\u00fcrgerinnen und B\u00fcrgern und nat\u00fcrlich insbesondere all jenen, die sich in den Workshops und beim B\u00fcrgerspaziergag mit Ideen eingebracht haben, von Fachleuten im Detail erl\u00e4utert werden. (Bei starkem Publikumsinteresse findet die Veranstaltung im Marmorsaal statt).<\/p>\n<p>Stadtbaurat Daniel Schreiner, der selbst Mitglied der Jury war, sowie Thomas Wirth vom B\u00fcro arc.gruen, das den B\u00fcrgerbeteiligungsprozess sowie den Wettbewerb eng begleitet hatte, werden die Preistr\u00e4ger-Entw\u00fcrfe aber auch die anderen eingereichten Konzepte noch einmal vorstellen und die Beweggr\u00fcnde f\u00fcr die Entscheidung der Jury erl\u00e4utern. Konkret werden sie auch erl\u00e4utern, wie die Ideen aus der B\u00fcrgerschaft von den B\u00fcros aufgegriffen und umgesetzt wurden.<\/p>\n","protected":false},"excerpt":{"rendered":"<div class=\"tmnf_excerpt\"><p>Ende Mai hat das Preisgericht \u00fcber die Siegerentw\u00fcrfe im europaweit ausgeschriebenen Ideen- und Realisierungswettbewerb zur Landesgartenschau 2023 in Fulda entschieden. Sieger war das Konzept des B\u00fcro A24 Landschaft aus Berlin. Insgesamt waren14 Arbeiten von einem 30-k\u00f6pfigen sach- und fachkundigen Preisgericht unter verschiedenen Aspekten bewertet worden. In die Arbeit der B\u00fcros eingeflossen waren auch die Ergebnisse &hellip;<\/p>\n<\/div>","protected":false},"author":1,"featured_media":174704,"comment_status":"closed","ping_status":"closed","sticky":false,"template":"","format":"standard","meta":{"footnotes":""},"categories":[1],"tags":[],"class_list":["post-174703","post","type-post","status-publish","format-standard","has-post-thumbnail","hentry","category-startseite"],"_links":{"self":[{"href":"https:\/\/www.fuldaernachrichten.de\/index.php?rest_route=\/wp\/v2\/posts\/174703","targetHints":{"allow":["GET"]}}],"collection":[{"href":"https:\/\/www.fuldaernachrichten.de\/index.php?rest_route=\/wp\/v2\/posts"}],"about":[{"href":"https:\/\/www.fuldaernachrichten.de\/index.php?rest_route=\/wp\/v2\/types\/post"}],"author":[{"embeddable":true,"href":"https:\/\/www.fuldaernachrichten.de\/index.php?rest_route=\/wp\/v2\/users\/1"}],"replies":[{"embeddable":true,"href":"https:\/\/www.fuldaernachrichten.de\/index.php?rest_route=%2Fwp%2Fv2%2Fcomments&post=174703"}],"version-history":[{"count":1,"href":"https:\/\/www.fuldaernachrichten.de\/index.php?rest_route=\/wp\/v2\/posts\/174703\/revisions"}],"predecessor-version":[{"id":174705,"href":"https:\/\/www.fuldaernachrichten.de\/index.php?rest_route=\/wp\/v2\/posts\/174703\/revisions\/174705"}],"wp:featuredmedia":[{"embeddable":true,"href":"https:\/\/www.fuldaernachrichten.de\/index.php?rest_route=\/wp\/v2\/media\/174704"}],"wp:attachment":[{"href":"https:\/\/www.fuldaernachrichten.de\/index.php?rest_route=%2Fwp%2Fv2%2Fmedia&parent=174703"}],"wp:term":[{"taxonomy":"category","embeddable":true,"href":"https:\/\/www.fuldaernachrichten.de\/index.php?rest_route=%2Fwp%2Fv2%2Fcategories&post=174703"},{"taxonomy":"post_tag","embeddable":true,"href":"https:\/\/www.fuldaernachrichten.de\/index.php?rest_route=%2Fwp%2Fv2%2Ftags&post=174703"}],"curies":[{"name":"wp","href":"https:\/\/api.w.org\/{rel}","templated":true}]}}