{"id":174670,"date":"2018-06-19T22:04:52","date_gmt":"2018-06-19T20:04:52","guid":{"rendered":"http:\/\/www.fuldaer-nachrichten.de\/?p=174670"},"modified":"2018-06-19T22:04:52","modified_gmt":"2018-06-19T20:04:52","slug":"dioezesane-familienpilgerfahrt-nach-assisi-vorbereitungstreffen-mit-300-teilnehmern","status":"publish","type":"post","link":"https:\/\/www.fuldaernachrichten.de\/?p=174670","title":{"rendered":"Di\u00f6zesane Familienpilgerfahrt nach Assisi &#8211; Vorbereitungstreffen mit 300 Teilnehmern"},"content":{"rendered":"<p><a href=\"http:\/\/www.fuldaer-nachrichten.de\/wp-content\/uploads\/2018\/06\/DSC03935.jpg\"><img fetchpriority=\"high\" decoding=\"async\" class=\"alignleft size-thumbnail wp-image-174676\" src=\"http:\/\/www.fuldaer-nachrichten.de\/wp-content\/uploads\/2018\/06\/DSC03935-265x199.jpg\" alt=\"\" width=\"265\" height=\"199\" srcset=\"https:\/\/www.fuldaernachrichten.de\/wp-content\/uploads\/2018\/06\/DSC03935-265x199.jpg 265w, https:\/\/www.fuldaernachrichten.de\/wp-content\/uploads\/2018\/06\/DSC03935-768x576.jpg 768w, https:\/\/www.fuldaernachrichten.de\/wp-content\/uploads\/2018\/06\/DSC03935-600x450.jpg 600w, https:\/\/www.fuldaernachrichten.de\/wp-content\/uploads\/2018\/06\/DSC03935.jpg 900w\" sizes=\"(max-width: 265px) 100vw, 265px\" \/><\/a>\u201eHeute ist der erste Tag unserer Pilgerreise \u2013 herzlich willkommen\u201c, begann Familien-Seelsorger Prof. Dr. Christoph Gregor M\u00fcller die knapp 300 Teilnehmer froh zu begr\u00fc\u00dfen, die aus allen Teilen des Bistums zum Vorbereitungstag der di\u00f6zesanen Familienpilgerfahrt nach Assisi, ins Bonifatiushaus nach Fulda angereist kamen. Die H\u00e4lfte der Pilger sind Kinder und Jugendliche im Alter von 1 bis 16 Jahren. Das Motto \u201eLaudato si &#8211; Mit Franziskus in den Spuren Jesu gehen\u201c ist der Leitfaden f\u00fcr das vielf\u00e4ltige und abwechslungsreiche Programm, das speziell f\u00fcr Familien zusammengestellt ist.<br \/>\nNach einem gemeinsamen Auftakt mit Liedern, Videoclips und allgemeinen Informationen zur Pilgerfahrt, besprachen die Eltern das Pilgerprogramm mit der Vorbereitungsgruppe, zu dem auch Frank Happ, der Gesch\u00e4ftsf\u00fchrer des Reiseb\u00fcros Happ geh\u00f6rt, der als Reiseleiter die Fahrt begleiten wird. Die Kinder und Jugendlichen malten w\u00e4hrenddessen T-Shirts f\u00fcr die Pilgerreise, informierten sich bei einem Erz\u00e4hltheater \u00fcber den hl. Franziskus oder lernten sich bei Spielaktivit\u00e4ten auf dem Au\u00dfengel\u00e4nde des Bonifatiushauses n\u00e4her kennen.<\/p>\n<p><a href=\"http:\/\/www.fuldaer-nachrichten.de\/wp-content\/uploads\/2018\/06\/DSC03874.jpg\"><img decoding=\"async\" class=\"alignleft size-thumbnail wp-image-174677\" src=\"http:\/\/www.fuldaer-nachrichten.de\/wp-content\/uploads\/2018\/06\/DSC03874-265x199.jpg\" alt=\"\" width=\"265\" height=\"199\" srcset=\"https:\/\/www.fuldaernachrichten.de\/wp-content\/uploads\/2018\/06\/DSC03874-265x199.jpg 265w, https:\/\/www.fuldaernachrichten.de\/wp-content\/uploads\/2018\/06\/DSC03874-768x576.jpg 768w, https:\/\/www.fuldaernachrichten.de\/wp-content\/uploads\/2018\/06\/DSC03874-600x450.jpg 600w, https:\/\/www.fuldaernachrichten.de\/wp-content\/uploads\/2018\/06\/DSC03874.jpg 900w\" sizes=\"(max-width: 265px) 100vw, 265px\" \/><\/a>\u201eMit so vielen aufgeschlossenen, jungen und vitalen Familien auf Pilgerfahrt zu gehen, wird den Glauben in uns und unseren Familien neu entfachen und st\u00e4rken.\u201c, freut sich Thomas Bretz von der Familienseelsorge des Bistums, der die Pilgerfahrt koordiniert. Relindis Kn\u00f6chelmann, ebenfalls in der Familienseelsorge t\u00e4tig und im Leitungsteam der Pilgerreise engagiert, leitete die Familien mit einem \u201eFranziskus-Rap\u201c an, sich in den Busgruppen zu finden und dort spielerisch bekannt zu machen.<br \/>\nZum Mitarbeiterteam der Pilgerfahrt geh\u00f6ren weiter Dechant M. Bl\u00fcmel (Eiterfeld), Maria-Martina Fischer (Eiterfeld), Silvia Hahl (Poppenhausen), das Ehepaar Hielscher (Kirchhain), Pfr. R. Kircher (H\u00fcnfeld), Marcel Krawietz (Hanau), Michael Kr\u00f6nung (Petersberg), Philipp M\u00fcller (Flieden), Pfr. Klaus Nentwich (Marburg), Doroth\u00e9e Ulrich (Stuttgart), Dechant A. Weber (Hanau) und Lukas Arenh\u00f6vel (Fulda).<\/p>\n<p><a href=\"http:\/\/www.fuldaer-nachrichten.de\/wp-content\/uploads\/2018\/06\/DSC03899.jpg\"><img decoding=\"async\" class=\"alignleft size-thumbnail wp-image-174678\" src=\"http:\/\/www.fuldaer-nachrichten.de\/wp-content\/uploads\/2018\/06\/DSC03899-265x199.jpg\" alt=\"\" width=\"265\" height=\"199\" srcset=\"https:\/\/www.fuldaernachrichten.de\/wp-content\/uploads\/2018\/06\/DSC03899-265x199.jpg 265w, https:\/\/www.fuldaernachrichten.de\/wp-content\/uploads\/2018\/06\/DSC03899-768x576.jpg 768w, https:\/\/www.fuldaernachrichten.de\/wp-content\/uploads\/2018\/06\/DSC03899-600x450.jpg 600w, https:\/\/www.fuldaernachrichten.de\/wp-content\/uploads\/2018\/06\/DSC03899.jpg 900w\" sizes=\"(max-width: 265px) 100vw, 265px\" \/><\/a>Beim abschlie\u00dfenden Gottesdienst dachte der Familien-Seelsorger mit der Pilgergruppe ganz anschaulich dar\u00fcber nach, was in einen Pilgerkoffer unbedingt hineingeh\u00f6rt und was, inspiriert vom hl. Franziskus durchaus auch zuhause bleiben kann.<br \/>\nEine Familie res\u00fcmierte am Ende des Tages: \u201eHeute haben wir wirklich damit begonnen uns innerlich auf die Familienpilgerfahrt im Herbst vorzubereiten und haben viel Vorfreude getankt, auch weil unsere Teenagerkinder sich direkt mit Gleichaltrigen angefreundet haben.<\/p>\n","protected":false},"excerpt":{"rendered":"<div class=\"tmnf_excerpt\"><p>\u201eHeute ist der erste Tag unserer Pilgerreise \u2013 herzlich willkommen\u201c, begann Familien-Seelsorger Prof. Dr. Christoph Gregor M\u00fcller die knapp 300 Teilnehmer froh zu begr\u00fc\u00dfen, die aus allen Teilen des Bistums zum Vorbereitungstag der di\u00f6zesanen Familienpilgerfahrt nach Assisi, ins Bonifatiushaus nach Fulda angereist kamen. Die H\u00e4lfte der Pilger sind Kinder und Jugendliche im Alter von 1 &hellip;<\/p>\n<\/div>","protected":false},"author":1,"featured_media":174675,"comment_status":"closed","ping_status":"closed","sticky":false,"template":"","format":"standard","meta":{"footnotes":""},"categories":[1],"tags":[],"class_list":["post-174670","post","type-post","status-publish","format-standard","has-post-thumbnail","hentry","category-startseite"],"_links":{"self":[{"href":"https:\/\/www.fuldaernachrichten.de\/index.php?rest_route=\/wp\/v2\/posts\/174670","targetHints":{"allow":["GET"]}}],"collection":[{"href":"https:\/\/www.fuldaernachrichten.de\/index.php?rest_route=\/wp\/v2\/posts"}],"about":[{"href":"https:\/\/www.fuldaernachrichten.de\/index.php?rest_route=\/wp\/v2\/types\/post"}],"author":[{"embeddable":true,"href":"https:\/\/www.fuldaernachrichten.de\/index.php?rest_route=\/wp\/v2\/users\/1"}],"replies":[{"embeddable":true,"href":"https:\/\/www.fuldaernachrichten.de\/index.php?rest_route=%2Fwp%2Fv2%2Fcomments&post=174670"}],"version-history":[{"count":1,"href":"https:\/\/www.fuldaernachrichten.de\/index.php?rest_route=\/wp\/v2\/posts\/174670\/revisions"}],"predecessor-version":[{"id":174679,"href":"https:\/\/www.fuldaernachrichten.de\/index.php?rest_route=\/wp\/v2\/posts\/174670\/revisions\/174679"}],"wp:featuredmedia":[{"embeddable":true,"href":"https:\/\/www.fuldaernachrichten.de\/index.php?rest_route=\/wp\/v2\/media\/174675"}],"wp:attachment":[{"href":"https:\/\/www.fuldaernachrichten.de\/index.php?rest_route=%2Fwp%2Fv2%2Fmedia&parent=174670"}],"wp:term":[{"taxonomy":"category","embeddable":true,"href":"https:\/\/www.fuldaernachrichten.de\/index.php?rest_route=%2Fwp%2Fv2%2Fcategories&post=174670"},{"taxonomy":"post_tag","embeddable":true,"href":"https:\/\/www.fuldaernachrichten.de\/index.php?rest_route=%2Fwp%2Fv2%2Ftags&post=174670"}],"curies":[{"name":"wp","href":"https:\/\/api.w.org\/{rel}","templated":true}]}}